{"id":2349,"date":"2023-05-16T16:47:39","date_gmt":"2023-05-16T21:47:39","guid":{"rendered":"https:\/\/pelileo.gob.ec\/portal\/?p=2349"},"modified":"2023-05-16T16:47:39","modified_gmt":"2023-05-16T21:47:39","slug":"concejo-municipal-designo-vicealcaldesa","status":"publish","type":"post","link":"https:\/\/pelileo.gob.ec\/v3\/concejo-municipal-designo-vicealcaldesa\/","title":{"rendered":"Concejo Municipal design\u00f3 Vicealcaldesa"},"content":{"rendered":"\n<p>Durante la Sesi\u00f3n inaugural, el pleno del Concejo Municipal design\u00f3 por unanimidad a la Concejal M\u00f3nica Villalva como Vicealcaldesa del Gobierno Aut\u00f3nomo Descentralizado Municipal del cant\u00f3n <a href=\"https:\/\/www.facebook.com\/hashtag\/pelileo?__eep__=6&amp;__cft__[0]=AZUybDQ6q0SKxQ9q3tbydSCUQXrVIduISdG4wA-iBiwUBWxrdKFeqnyFOpK8zh5F6Rg8lnlgC7kDIYjoiHuDjDpGSIbZgotmBXJMvjhzCXvBshPtwdOnot81mUjCdaotDjIUDUljuj3ugZe2iDnxhzn3tpPS-e881YAMi9pdjPbYBUeWsl643ShERXLcB5W-ms8&amp;__tn__=*NK-R\">#Pelileo<\/a>, as\u00ed tambi\u00e9n designaron al Concejal Julio Flores como delegado para conformar la Comisi\u00f3n de Mesa junto al Alcalde y Vicealcaldesa respectivamente.<\/p>\n\n\n\n<p>De igual forma, de la terna presentada por el Alcalde Dr. Gabriel Z\u00fa\u00f1iga eligieron al <a><\/a>Secretario de Concejo Municipal, recayendo esta designaci\u00f3n en la Abg. Doris Malus\u00edn, al cumplir con todos los requisitos legales que determina el perfil para ejercer esta funci\u00f3n.<\/p>\n","protected":false},"excerpt":{"rendered":"<p>Durante la Sesi\u00f3n inaugural, el pleno del Concejo Municipal design\u00f3&hellip; <\/p>\n","protected":false},"author":1,"featured_media":2350,"comment_status":"closed","ping_status":"closed","sticky":false,"template":"","format":"standard","meta":{"footnotes":""},"categories":[9],"tags":[],"class_list":["post-2349","post","type-post","status-publish","format-standard","has-post-thumbnail","hentry","category-slider"],"_links":{"self":[{"href":"https:\/\/pelileo.gob.ec\/v3\/wp-json\/wp\/v2\/posts\/2349","targetHints":{"allow":["GET"]}}],"collection":[{"href":"https:\/\/pelileo.gob.ec\/v3\/wp-json\/wp\/v2\/posts"}],"about":[{"href":"https:\/\/pelileo.gob.ec\/v3\/wp-json\/wp\/v2\/types\/post"}],"author":[{"embeddable":true,"href":"https:\/\/pelileo.gob.ec\/v3\/wp-json\/wp\/v2\/users\/1"}],"replies":[{"embeddable":true,"href":"https:\/\/pelileo.gob.ec\/v3\/wp-json\/wp\/v2\/comments?post=2349"}],"version-history":[{"count":1,"href":"https:\/\/pelileo.gob.ec\/v3\/wp-json\/wp\/v2\/posts\/2349\/revisions"}],"predecessor-version":[{"id":2351,"href":"https:\/\/pelileo.gob.ec\/v3\/wp-json\/wp\/v2\/posts\/2349\/revisions\/2351"}],"wp:featuredmedia":[{"embeddable":true,"href":"https:\/\/pelileo.gob.ec\/v3\/wp-json\/wp\/v2\/media\/2350"}],"wp:attachment":[{"href":"https:\/\/pelileo.gob.ec\/v3\/wp-json\/wp\/v2\/media?parent=2349"}],"wp:term":[{"taxonomy":"category","embeddable":true,"href":"https:\/\/pelileo.gob.ec\/v3\/wp-json\/wp\/v2\/categories?post=2349"},{"taxonomy":"post_tag","embeddable":true,"href":"https:\/\/pelileo.gob.ec\/v3\/wp-json\/wp\/v2\/tags?post=2349"}],"curies":[{"name":"wp","href":"https:\/\/api.w.org\/{rel}","templated":true}]}}