{"id":2357,"date":"2023-05-18T15:40:12","date_gmt":"2023-05-18T20:40:12","guid":{"rendered":"https:\/\/pelileo.gob.ec\/portal\/?p=2357"},"modified":"2023-05-18T15:40:12","modified_gmt":"2023-05-18T20:40:12","slug":"feria-ambiental-por-el-dia-del-reciclaje","status":"publish","type":"post","link":"https:\/\/pelileo.gob.ec\/v3\/feria-ambiental-por-el-dia-del-reciclaje\/","title":{"rendered":"Feria ambiental por el D\u00eda del Reciclaje"},"content":{"rendered":"\n<p>Con motivo del D\u00eda mundial del Reciclaje, el Alcalde Dr. Gabriel Z\u00fa\u00f1iga destac\u00f3 la importancia de cuidar el ecosistema y fomentar el respeto a la naturaleza, por ello, felicit\u00f3 a la EMMAIT-EP por realizar la segunda edici\u00f3n de la Feria \u201cRECI-EDUCA\u201d con la participaci\u00f3n de estudiantes de Patate y Pelileo.<\/p>\n\n\n\n<p>Nueve instituciones educativas expusieron proyectos artesanales y pedag\u00f3gicos sobre reciclaje y responsabilidad ambiental, que <a><\/a>permita orientar el comportamiento de la ciudadan\u00eda a reutilizar objetos y darles un nuevo servicio.<\/p>\n","protected":false},"excerpt":{"rendered":"<p>Con motivo del D\u00eda mundial del Reciclaje, el Alcalde Dr.&hellip; <\/p>\n","protected":false},"author":1,"featured_media":2358,"comment_status":"closed","ping_status":"closed","sticky":false,"template":"","format":"standard","meta":{"footnotes":""},"categories":[9],"tags":[],"class_list":["post-2357","post","type-post","status-publish","format-standard","has-post-thumbnail","hentry","category-slider"],"_links":{"self":[{"href":"https:\/\/pelileo.gob.ec\/v3\/wp-json\/wp\/v2\/posts\/2357","targetHints":{"allow":["GET"]}}],"collection":[{"href":"https:\/\/pelileo.gob.ec\/v3\/wp-json\/wp\/v2\/posts"}],"about":[{"href":"https:\/\/pelileo.gob.ec\/v3\/wp-json\/wp\/v2\/types\/post"}],"author":[{"embeddable":true,"href":"https:\/\/pelileo.gob.ec\/v3\/wp-json\/wp\/v2\/users\/1"}],"replies":[{"embeddable":true,"href":"https:\/\/pelileo.gob.ec\/v3\/wp-json\/wp\/v2\/comments?post=2357"}],"version-history":[{"count":1,"href":"https:\/\/pelileo.gob.ec\/v3\/wp-json\/wp\/v2\/posts\/2357\/revisions"}],"predecessor-version":[{"id":2359,"href":"https:\/\/pelileo.gob.ec\/v3\/wp-json\/wp\/v2\/posts\/2357\/revisions\/2359"}],"wp:featuredmedia":[{"embeddable":true,"href":"https:\/\/pelileo.gob.ec\/v3\/wp-json\/wp\/v2\/media\/2358"}],"wp:attachment":[{"href":"https:\/\/pelileo.gob.ec\/v3\/wp-json\/wp\/v2\/media?parent=2357"}],"wp:term":[{"taxonomy":"category","embeddable":true,"href":"https:\/\/pelileo.gob.ec\/v3\/wp-json\/wp\/v2\/categories?post=2357"},{"taxonomy":"post_tag","embeddable":true,"href":"https:\/\/pelileo.gob.ec\/v3\/wp-json\/wp\/v2\/tags?post=2357"}],"curies":[{"name":"wp","href":"https:\/\/api.w.org\/{rel}","templated":true}]}}