{"id":2360,"date":"2023-05-19T11:18:04","date_gmt":"2023-05-19T16:18:04","guid":{"rendered":"https:\/\/pelileo.gob.ec\/portal\/?p=2360"},"modified":"2023-05-19T11:18:04","modified_gmt":"2023-05-19T16:18:04","slug":"alcalde-y-ministro-coordinan-acciones-en-favor-de-pelileo","status":"publish","type":"post","link":"https:\/\/pelileo.gob.ec\/v3\/alcalde-y-ministro-coordinan-acciones-en-favor-de-pelileo\/","title":{"rendered":"Alcalde y Ministro coordinan acciones en favor de Pelileo"},"content":{"rendered":"\n<p>Comprendiendo que la salud es el bien m\u00e1s preciado de nuestros ciudadanos, el Alcalde Dr. Gabriel Z\u00fa\u00f1iga mantuvo una reuni\u00f3n de trabajo con el Ministro de Salud Dr. Jos\u00e9 Ruales, a fin de articular estrategias de trabajo conjunto en temas de promoci\u00f3n y prevenci\u00f3n en salud para los habitantes del cant\u00f3n <a href=\"https:\/\/www.facebook.com\/hashtag\/pelileo?__eep__=6&amp;__cft__[0]=AZVE7x4ZsB0CdZwzyFJNqTtzWiOn72ZHDi34pQSjEUpeWtwgOcpuDUi5XosUDVhbAPXorH6_DpGG6nX-bdN-u5Fu4da3jRO1W3gJxbtXT6C3jFr6gy3M6Pu6jssmPfVGr0cYPYDt9eeYquPih-_6bZ-ghXjKkfrK85-E3Btre3niU5TDvxlarBpH8rHDnzQEvN4&amp;__tn__=*NK-R\">#Pelileo<\/a>.<\/p>\n\n\n\n<p>El Secretario de Estado, mostr\u00f3 su complacencia al recibir la visita de autoridades que se preocupan <a><\/a>por el bienestar de su gente, por ello, programaron visitas t\u00e9cnicas a nuestro cant\u00f3n para repotenciar la infraestructura y equipamiento del Hospital B\u00e1sico Pelileo.<\/p>\n","protected":false},"excerpt":{"rendered":"<p>Comprendiendo que la salud es el bien m\u00e1s preciado de&hellip; <\/p>\n","protected":false},"author":1,"featured_media":2361,"comment_status":"closed","ping_status":"closed","sticky":false,"template":"","format":"standard","meta":{"footnotes":""},"categories":[9],"tags":[],"class_list":["post-2360","post","type-post","status-publish","format-standard","has-post-thumbnail","hentry","category-slider"],"_links":{"self":[{"href":"https:\/\/pelileo.gob.ec\/v3\/wp-json\/wp\/v2\/posts\/2360","targetHints":{"allow":["GET"]}}],"collection":[{"href":"https:\/\/pelileo.gob.ec\/v3\/wp-json\/wp\/v2\/posts"}],"about":[{"href":"https:\/\/pelileo.gob.ec\/v3\/wp-json\/wp\/v2\/types\/post"}],"author":[{"embeddable":true,"href":"https:\/\/pelileo.gob.ec\/v3\/wp-json\/wp\/v2\/users\/1"}],"replies":[{"embeddable":true,"href":"https:\/\/pelileo.gob.ec\/v3\/wp-json\/wp\/v2\/comments?post=2360"}],"version-history":[{"count":1,"href":"https:\/\/pelileo.gob.ec\/v3\/wp-json\/wp\/v2\/posts\/2360\/revisions"}],"predecessor-version":[{"id":2362,"href":"https:\/\/pelileo.gob.ec\/v3\/wp-json\/wp\/v2\/posts\/2360\/revisions\/2362"}],"wp:featuredmedia":[{"embeddable":true,"href":"https:\/\/pelileo.gob.ec\/v3\/wp-json\/wp\/v2\/media\/2361"}],"wp:attachment":[{"href":"https:\/\/pelileo.gob.ec\/v3\/wp-json\/wp\/v2\/media?parent=2360"}],"wp:term":[{"taxonomy":"category","embeddable":true,"href":"https:\/\/pelileo.gob.ec\/v3\/wp-json\/wp\/v2\/categories?post=2360"},{"taxonomy":"post_tag","embeddable":true,"href":"https:\/\/pelileo.gob.ec\/v3\/wp-json\/wp\/v2\/tags?post=2360"}],"curies":[{"name":"wp","href":"https:\/\/api.w.org\/{rel}","templated":true}]}}