{"id":2364,"date":"2023-05-22T14:21:58","date_gmt":"2023-05-22T19:21:58","guid":{"rendered":"https:\/\/pelileo.gob.ec\/portal\/?p=2364"},"modified":"2023-05-22T14:21:58","modified_gmt":"2023-05-22T19:21:58","slug":"pelileo-presente-en-ceremonia-militar","status":"publish","type":"post","link":"https:\/\/pelileo.gob.ec\/v3\/pelileo-presente-en-ceremonia-militar\/","title":{"rendered":"Pelileo presente en ceremonia militar"},"content":{"rendered":"\n<p>Al celebrar el sexag\u00e9simo segundo aniversario de creaci\u00f3n de la \u201cAla de Transporte Nro. 11 de la Fuerza A\u00e9rea Ecuatoriana\u201d, el Alcalde Dr. Gabriel Z\u00fa\u00f1iga present\u00f3 el reconocimiento p\u00fablico a nombre de nuestro cant\u00f3n, destacando la relevante misi\u00f3n que cumple la instituci\u00f3n en la defensa de la soberan\u00eda e integridad territorial.<br>De igual forma, coordin\u00f3 con esta brigada acciones sociales que se realizar\u00e1n de manera conjunta para beneficio de la ciudadan\u00eda de #Pelileo, as\u00ed tambi\u00e9n la presencia de los uniformados en los eventos castrenses a realizarse por el pr\u00f3ximo aniversario cantonal.<\/p>\n","protected":false},"excerpt":{"rendered":"<p>Al celebrar el sexag\u00e9simo segundo aniversario de creaci\u00f3n de la&hellip; <\/p>\n","protected":false},"author":1,"featured_media":2365,"comment_status":"closed","ping_status":"closed","sticky":false,"template":"","format":"standard","meta":{"footnotes":""},"categories":[9],"tags":[],"class_list":["post-2364","post","type-post","status-publish","format-standard","has-post-thumbnail","hentry","category-slider"],"_links":{"self":[{"href":"https:\/\/pelileo.gob.ec\/v3\/wp-json\/wp\/v2\/posts\/2364","targetHints":{"allow":["GET"]}}],"collection":[{"href":"https:\/\/pelileo.gob.ec\/v3\/wp-json\/wp\/v2\/posts"}],"about":[{"href":"https:\/\/pelileo.gob.ec\/v3\/wp-json\/wp\/v2\/types\/post"}],"author":[{"embeddable":true,"href":"https:\/\/pelileo.gob.ec\/v3\/wp-json\/wp\/v2\/users\/1"}],"replies":[{"embeddable":true,"href":"https:\/\/pelileo.gob.ec\/v3\/wp-json\/wp\/v2\/comments?post=2364"}],"version-history":[{"count":1,"href":"https:\/\/pelileo.gob.ec\/v3\/wp-json\/wp\/v2\/posts\/2364\/revisions"}],"predecessor-version":[{"id":2366,"href":"https:\/\/pelileo.gob.ec\/v3\/wp-json\/wp\/v2\/posts\/2364\/revisions\/2366"}],"wp:featuredmedia":[{"embeddable":true,"href":"https:\/\/pelileo.gob.ec\/v3\/wp-json\/wp\/v2\/media\/2365"}],"wp:attachment":[{"href":"https:\/\/pelileo.gob.ec\/v3\/wp-json\/wp\/v2\/media?parent=2364"}],"wp:term":[{"taxonomy":"category","embeddable":true,"href":"https:\/\/pelileo.gob.ec\/v3\/wp-json\/wp\/v2\/categories?post=2364"},{"taxonomy":"post_tag","embeddable":true,"href":"https:\/\/pelileo.gob.ec\/v3\/wp-json\/wp\/v2\/tags?post=2364"}],"curies":[{"name":"wp","href":"https:\/\/api.w.org\/{rel}","templated":true}]}}