{"id":2370,"date":"2023-05-29T14:58:37","date_gmt":"2023-05-29T19:58:37","guid":{"rendered":"https:\/\/pelileo.gob.ec\/portal\/?p=2370"},"modified":"2023-05-29T14:58:37","modified_gmt":"2023-05-29T19:58:37","slug":"en-el-feriado-trabajamos-junto-a-nuestra-gente","status":"publish","type":"post","link":"https:\/\/pelileo.gob.ec\/v3\/en-el-feriado-trabajamos-junto-a-nuestra-gente\/","title":{"rendered":"En el feriado trabajamos junto a nuestra gente"},"content":{"rendered":"\n<p>En el feriado trabajamos junto a nuestra gente, caminando junto al pueblo, el Alcalde Dr. Gabriel Z\u00fa\u00f1iga y su equipo de Directores Departamentales, conocieron las necesidades m\u00e1s sentidas de las diferentes comunidades de nuestro cant\u00f3n, as\u00ed tambi\u00e9n recorrieron las instalaciones del camal municipal con la finalidad de fortalecer este servicio hacia la colectividad.<br>Dirigentes y moradores de los sectores visitados, agradecieron a la primera autoridad municipal por dejar de lado los d\u00edas de descanso por el feriado nacional y llegar a las comunidades para conversar directamente con la poblaci\u00f3n para buscar soluciones conjuntas a sus necesidades.<\/p>\n","protected":false},"excerpt":{"rendered":"<p>En el feriado trabajamos junto a nuestra gente, caminando junto&hellip; <\/p>\n","protected":false},"author":1,"featured_media":2371,"comment_status":"closed","ping_status":"closed","sticky":false,"template":"","format":"standard","meta":{"footnotes":""},"categories":[9],"tags":[],"class_list":["post-2370","post","type-post","status-publish","format-standard","has-post-thumbnail","hentry","category-slider"],"_links":{"self":[{"href":"https:\/\/pelileo.gob.ec\/v3\/wp-json\/wp\/v2\/posts\/2370","targetHints":{"allow":["GET"]}}],"collection":[{"href":"https:\/\/pelileo.gob.ec\/v3\/wp-json\/wp\/v2\/posts"}],"about":[{"href":"https:\/\/pelileo.gob.ec\/v3\/wp-json\/wp\/v2\/types\/post"}],"author":[{"embeddable":true,"href":"https:\/\/pelileo.gob.ec\/v3\/wp-json\/wp\/v2\/users\/1"}],"replies":[{"embeddable":true,"href":"https:\/\/pelileo.gob.ec\/v3\/wp-json\/wp\/v2\/comments?post=2370"}],"version-history":[{"count":1,"href":"https:\/\/pelileo.gob.ec\/v3\/wp-json\/wp\/v2\/posts\/2370\/revisions"}],"predecessor-version":[{"id":2372,"href":"https:\/\/pelileo.gob.ec\/v3\/wp-json\/wp\/v2\/posts\/2370\/revisions\/2372"}],"wp:featuredmedia":[{"embeddable":true,"href":"https:\/\/pelileo.gob.ec\/v3\/wp-json\/wp\/v2\/media\/2371"}],"wp:attachment":[{"href":"https:\/\/pelileo.gob.ec\/v3\/wp-json\/wp\/v2\/media?parent=2370"}],"wp:term":[{"taxonomy":"category","embeddable":true,"href":"https:\/\/pelileo.gob.ec\/v3\/wp-json\/wp\/v2\/categories?post=2370"},{"taxonomy":"post_tag","embeddable":true,"href":"https:\/\/pelileo.gob.ec\/v3\/wp-json\/wp\/v2\/tags?post=2370"}],"curies":[{"name":"wp","href":"https:\/\/api.w.org\/{rel}","templated":true}]}}