{"id":2373,"date":"2023-05-29T15:02:56","date_gmt":"2023-05-29T20:02:56","guid":{"rendered":"https:\/\/pelileo.gob.ec\/portal\/?p=2373"},"modified":"2023-06-05T22:49:30","modified_gmt":"2023-06-06T03:49:30","slug":"pelileo-presente-en-la-celebracion-de-la-diocesis","status":"publish","type":"post","link":"https:\/\/pelileo.gob.ec\/v3\/pelileo-presente-en-la-celebracion-de-la-diocesis\/","title":{"rendered":"Pelileo presente en la celebraci\u00f3n de la Di\u00f3cesis"},"content":{"rendered":"\n<p>Con profunda devoci\u00f3n y fe cristiana, el Dr. Gabriel Z\u00fa\u00f1iga, alcalde de San Pedro de #Pelileo particip\u00f3 en la celebraci\u00f3n eucar\u00edstica de Pentecost\u00e9s presidida por el nuncio apost\u00f3lico y todo el clero de la Di\u00f3cesis de Ambato, como parte de la celebraci\u00f3n de los 75 a\u00f1os de servicio de la Di\u00f3cesis de Ambato.<br>La primera autoridad municipal ofreci\u00f3 a nombre de nuestro cant\u00f3n, los productos que cosechan los agricultores como resultado de su esfuerzo diario. El clero pidi\u00f3 reunirnos en oraci\u00f3n para recuperar la paz y la justicia en el pa\u00eds.<\/p>\n","protected":false},"excerpt":{"rendered":"<p>Con profunda devoci\u00f3n y fe cristiana, el Dr. Gabriel Z\u00fa\u00f1iga,&hellip; <\/p>\n","protected":false},"author":1,"featured_media":2374,"comment_status":"closed","ping_status":"closed","sticky":false,"template":"","format":"standard","meta":{"footnotes":""},"categories":[9],"tags":[],"class_list":["post-2373","post","type-post","status-publish","format-standard","has-post-thumbnail","hentry","category-slider"],"_links":{"self":[{"href":"https:\/\/pelileo.gob.ec\/v3\/wp-json\/wp\/v2\/posts\/2373","targetHints":{"allow":["GET"]}}],"collection":[{"href":"https:\/\/pelileo.gob.ec\/v3\/wp-json\/wp\/v2\/posts"}],"about":[{"href":"https:\/\/pelileo.gob.ec\/v3\/wp-json\/wp\/v2\/types\/post"}],"author":[{"embeddable":true,"href":"https:\/\/pelileo.gob.ec\/v3\/wp-json\/wp\/v2\/users\/1"}],"replies":[{"embeddable":true,"href":"https:\/\/pelileo.gob.ec\/v3\/wp-json\/wp\/v2\/comments?post=2373"}],"version-history":[{"count":1,"href":"https:\/\/pelileo.gob.ec\/v3\/wp-json\/wp\/v2\/posts\/2373\/revisions"}],"predecessor-version":[{"id":2375,"href":"https:\/\/pelileo.gob.ec\/v3\/wp-json\/wp\/v2\/posts\/2373\/revisions\/2375"}],"wp:featuredmedia":[{"embeddable":true,"href":"https:\/\/pelileo.gob.ec\/v3\/wp-json\/wp\/v2\/media\/2374"}],"wp:attachment":[{"href":"https:\/\/pelileo.gob.ec\/v3\/wp-json\/wp\/v2\/media?parent=2373"}],"wp:term":[{"taxonomy":"category","embeddable":true,"href":"https:\/\/pelileo.gob.ec\/v3\/wp-json\/wp\/v2\/categories?post=2373"},{"taxonomy":"post_tag","embeddable":true,"href":"https:\/\/pelileo.gob.ec\/v3\/wp-json\/wp\/v2\/tags?post=2373"}],"curies":[{"name":"wp","href":"https:\/\/api.w.org\/{rel}","templated":true}]}}