{"id":2457,"date":"2023-06-12T08:51:26","date_gmt":"2023-06-12T13:51:26","guid":{"rendered":"https:\/\/pelileo.gob.ec\/portal\/?p=2457"},"modified":"2023-06-12T08:51:26","modified_gmt":"2023-06-12T13:51:26","slug":"dario-guevara-presente-en-el-corazon-de-los-pelilenos","status":"publish","type":"post","link":"https:\/\/pelileo.gob.ec\/v3\/dario-guevara-presente-en-el-corazon-de-los-pelilenos\/","title":{"rendered":"Dar\u00edo Guevara presente en el coraz\u00f3n de los Pelile\u00f1os"},"content":{"rendered":"\n<p>Diferentes manifestaciones art\u00edsticas y culturales se vivieron en el Sal\u00f3n de la Ciudad durante la celebraci\u00f3n del \u201cD\u00eda de la Cultura del cant\u00f3n San Pedro de <a href=\"https:\/\/www.facebook.com\/hashtag\/pelileo?__eep__=6&amp;__cft__[0]=AZXYgtMWvJ7wv4jqU_XMG7rbo2J8fUpgxtANqZ8qOmRZZehGGjyIIjTUeJJLBas2MHxAtGLg1MZv78JHfX2FAINNLq7F2Ik9tjQLGwqeip42Uwaq0aE_tKKM05yVk2cFvChnZMh4Lw-wzDNu3QvpRDfwif0IUpnjJFTQ_soSSsapcuWd_Nl52cPQPV3hVhnkzuM&amp;__tn__=*NK-R\">#Pelileo<\/a>\u201d,que se conmemora el 9 de junio de cada a\u00f1o, en recordaci\u00f3n del fallecimiento del ilustre escritor Pelile\u00f1o Dar\u00edo Guevara Mayorga.<\/p>\n\n\n\n<p>Este evento cont\u00f3 con la presencia de Rub\u00e9n Dar\u00edo Guevara, hijo del fallecido escritor y su descendencia, a quienes el <a><\/a>Alcalde Dr. Gabriel Z\u00fa\u00f1iga agradeci\u00f3 por ser parte de esta celebraci\u00f3n; adem\u00e1s expres\u00f3 su orgullo de representar a una tierra de talentosos artistas que permite mantener viva la tradici\u00f3n cultural de Pelileo.<\/p>\n","protected":false},"excerpt":{"rendered":"<p>Diferentes manifestaciones art\u00edsticas y culturales se vivieron en el Sal\u00f3n&hellip; <\/p>\n","protected":false},"author":1,"featured_media":2458,"comment_status":"closed","ping_status":"closed","sticky":false,"template":"","format":"standard","meta":{"footnotes":""},"categories":[9],"tags":[],"class_list":["post-2457","post","type-post","status-publish","format-standard","has-post-thumbnail","hentry","category-slider"],"_links":{"self":[{"href":"https:\/\/pelileo.gob.ec\/v3\/wp-json\/wp\/v2\/posts\/2457","targetHints":{"allow":["GET"]}}],"collection":[{"href":"https:\/\/pelileo.gob.ec\/v3\/wp-json\/wp\/v2\/posts"}],"about":[{"href":"https:\/\/pelileo.gob.ec\/v3\/wp-json\/wp\/v2\/types\/post"}],"author":[{"embeddable":true,"href":"https:\/\/pelileo.gob.ec\/v3\/wp-json\/wp\/v2\/users\/1"}],"replies":[{"embeddable":true,"href":"https:\/\/pelileo.gob.ec\/v3\/wp-json\/wp\/v2\/comments?post=2457"}],"version-history":[{"count":1,"href":"https:\/\/pelileo.gob.ec\/v3\/wp-json\/wp\/v2\/posts\/2457\/revisions"}],"predecessor-version":[{"id":2459,"href":"https:\/\/pelileo.gob.ec\/v3\/wp-json\/wp\/v2\/posts\/2457\/revisions\/2459"}],"wp:featuredmedia":[{"embeddable":true,"href":"https:\/\/pelileo.gob.ec\/v3\/wp-json\/wp\/v2\/media\/2458"}],"wp:attachment":[{"href":"https:\/\/pelileo.gob.ec\/v3\/wp-json\/wp\/v2\/media?parent=2457"}],"wp:term":[{"taxonomy":"category","embeddable":true,"href":"https:\/\/pelileo.gob.ec\/v3\/wp-json\/wp\/v2\/categories?post=2457"},{"taxonomy":"post_tag","embeddable":true,"href":"https:\/\/pelileo.gob.ec\/v3\/wp-json\/wp\/v2\/tags?post=2457"}],"curies":[{"name":"wp","href":"https:\/\/api.w.org\/{rel}","templated":true}]}}