{"id":2505,"date":"2023-06-24T11:49:19","date_gmt":"2023-06-24T16:49:19","guid":{"rendered":"https:\/\/pelileo.gob.ec\/portal\/?p=2505"},"modified":"2023-06-24T11:49:19","modified_gmt":"2023-06-24T16:49:19","slug":"barrio-el-tambo-inscribio-su-representante-a-la-corona","status":"publish","type":"post","link":"https:\/\/pelileo.gob.ec\/v3\/barrio-el-tambo-inscribio-su-representante-a-la-corona\/","title":{"rendered":"Barrio \u201cEl Tambo\u00bb inscribi\u00f3 su representante a la corona"},"content":{"rendered":"\n<p>Bajo el grito \u201c Viva el barrio El Tambo\u201d, los moradores de este importante sector productivo de Pelileo, inscribieron oficialmente a Michelle Aracelly Vallejo Llerena como candidata al Reinado del cant\u00f3n en los 163 a\u00f1os de cantonizaci\u00f3n.<\/p>\n\n\n\n<p>El Alcalde Dr. Gabriel Z\u00fa\u00f1iga ci\u00f1\u00f3 la cinta consagratoria, destacando la belleza y virtudes espirituales de la hermosa candidata.<\/p>\n","protected":false},"excerpt":{"rendered":"<p>Bajo el grito \u201c Viva el barrio El Tambo\u201d, los&hellip; <\/p>\n","protected":false},"author":1,"featured_media":2506,"comment_status":"closed","ping_status":"closed","sticky":false,"template":"","format":"standard","meta":{"footnotes":""},"categories":[9],"tags":[],"class_list":["post-2505","post","type-post","status-publish","format-standard","has-post-thumbnail","hentry","category-slider"],"_links":{"self":[{"href":"https:\/\/pelileo.gob.ec\/v3\/wp-json\/wp\/v2\/posts\/2505","targetHints":{"allow":["GET"]}}],"collection":[{"href":"https:\/\/pelileo.gob.ec\/v3\/wp-json\/wp\/v2\/posts"}],"about":[{"href":"https:\/\/pelileo.gob.ec\/v3\/wp-json\/wp\/v2\/types\/post"}],"author":[{"embeddable":true,"href":"https:\/\/pelileo.gob.ec\/v3\/wp-json\/wp\/v2\/users\/1"}],"replies":[{"embeddable":true,"href":"https:\/\/pelileo.gob.ec\/v3\/wp-json\/wp\/v2\/comments?post=2505"}],"version-history":[{"count":1,"href":"https:\/\/pelileo.gob.ec\/v3\/wp-json\/wp\/v2\/posts\/2505\/revisions"}],"predecessor-version":[{"id":2507,"href":"https:\/\/pelileo.gob.ec\/v3\/wp-json\/wp\/v2\/posts\/2505\/revisions\/2507"}],"wp:featuredmedia":[{"embeddable":true,"href":"https:\/\/pelileo.gob.ec\/v3\/wp-json\/wp\/v2\/media\/2506"}],"wp:attachment":[{"href":"https:\/\/pelileo.gob.ec\/v3\/wp-json\/wp\/v2\/media?parent=2505"}],"wp:term":[{"taxonomy":"category","embeddable":true,"href":"https:\/\/pelileo.gob.ec\/v3\/wp-json\/wp\/v2\/categories?post=2505"},{"taxonomy":"post_tag","embeddable":true,"href":"https:\/\/pelileo.gob.ec\/v3\/wp-json\/wp\/v2\/tags?post=2505"}],"curies":[{"name":"wp","href":"https:\/\/api.w.org\/{rel}","templated":true}]}}