{"id":2508,"date":"2023-06-24T11:54:01","date_gmt":"2023-06-24T16:54:01","guid":{"rendered":"https:\/\/pelileo.gob.ec\/portal\/?p=2508"},"modified":"2023-06-24T11:54:01","modified_gmt":"2023-06-24T16:54:01","slug":"pelileo-arte-y-cultura","status":"publish","type":"post","link":"https:\/\/pelileo.gob.ec\/v3\/pelileo-arte-y-cultura\/","title":{"rendered":"Pelileo Arte y Cultura"},"content":{"rendered":"\n<p>Manifestaciones art\u00edsticas y culturales ser\u00e1n parte de la semana cultural, en homenaje a los 163 a\u00f1os de cantonizaci\u00f3n del cant\u00f3n San Pedro de Pelileo.<\/p>\n\n\n\n<p>Cordialmente invitados a disfrutar de estos eventos.<\/p>\n","protected":false},"excerpt":{"rendered":"<p>Manifestaciones art\u00edsticas y culturales ser\u00e1n parte de la semana cultural,&hellip; <\/p>\n","protected":false},"author":1,"featured_media":2509,"comment_status":"closed","ping_status":"closed","sticky":false,"template":"","format":"standard","meta":{"footnotes":""},"categories":[9],"tags":[],"class_list":["post-2508","post","type-post","status-publish","format-standard","has-post-thumbnail","hentry","category-slider"],"_links":{"self":[{"href":"https:\/\/pelileo.gob.ec\/v3\/wp-json\/wp\/v2\/posts\/2508","targetHints":{"allow":["GET"]}}],"collection":[{"href":"https:\/\/pelileo.gob.ec\/v3\/wp-json\/wp\/v2\/posts"}],"about":[{"href":"https:\/\/pelileo.gob.ec\/v3\/wp-json\/wp\/v2\/types\/post"}],"author":[{"embeddable":true,"href":"https:\/\/pelileo.gob.ec\/v3\/wp-json\/wp\/v2\/users\/1"}],"replies":[{"embeddable":true,"href":"https:\/\/pelileo.gob.ec\/v3\/wp-json\/wp\/v2\/comments?post=2508"}],"version-history":[{"count":1,"href":"https:\/\/pelileo.gob.ec\/v3\/wp-json\/wp\/v2\/posts\/2508\/revisions"}],"predecessor-version":[{"id":2510,"href":"https:\/\/pelileo.gob.ec\/v3\/wp-json\/wp\/v2\/posts\/2508\/revisions\/2510"}],"wp:featuredmedia":[{"embeddable":true,"href":"https:\/\/pelileo.gob.ec\/v3\/wp-json\/wp\/v2\/media\/2509"}],"wp:attachment":[{"href":"https:\/\/pelileo.gob.ec\/v3\/wp-json\/wp\/v2\/media?parent=2508"}],"wp:term":[{"taxonomy":"category","embeddable":true,"href":"https:\/\/pelileo.gob.ec\/v3\/wp-json\/wp\/v2\/categories?post=2508"},{"taxonomy":"post_tag","embeddable":true,"href":"https:\/\/pelileo.gob.ec\/v3\/wp-json\/wp\/v2\/tags?post=2508"}],"curies":[{"name":"wp","href":"https:\/\/api.w.org\/{rel}","templated":true}]}}