{"id":2511,"date":"2023-06-26T11:48:44","date_gmt":"2023-06-26T16:48:44","guid":{"rendered":"https:\/\/pelileo.gob.ec\/portal\/?p=2511"},"modified":"2023-06-26T11:48:44","modified_gmt":"2023-06-26T16:48:44","slug":"masiva-concurrencia-en-el-rally-ciudad-azul","status":"publish","type":"post","link":"https:\/\/pelileo.gob.ec\/v3\/masiva-concurrencia-en-el-rally-ciudad-azul\/","title":{"rendered":"Masiva concurrencia en el Rally \u201cCiudad Azul\u201d"},"content":{"rendered":"\n<p>Alrededor de 20 mil personas se ubicaron a lo largo de las calles de Pelileo con motivo de la realizaci\u00f3n de la segunda v\u00e1lida del Campeonato Provincial de Rally, que se desarrolla en la ciudad azul como un homenaje a los 163 a\u00f1os de cantonizaci\u00f3n.<img decoding=\"async\" height=\"16\" width=\"16\" alt=\"\ud83c\udded\ud83c\uddfa\" src=\"https:\/\/static.xx.fbcdn.net\/images\/emoji.php\/v9\/tb9\/1.5\/16\/1f1ed_1f1fa.png\"><\/p>\n\n\n\n<p>La afici\u00f3n tuerca de Pelileo y el centro del pa\u00eds, pudo disfrutar de un s\u00faper prime urbano nocturno de clasificaci\u00f3n espectacular, que marc\u00f3 el inicio de las actividades <a><\/a>festivas de nuestro cant\u00f3n, fortaleciendo de esta manera la reactivaci\u00f3n econ\u00f3mica de nuestros habitantes.<\/p>\n","protected":false},"excerpt":{"rendered":"<p>Alrededor de 20 mil personas se ubicaron a lo largo&hellip; <\/p>\n","protected":false},"author":1,"featured_media":2512,"comment_status":"closed","ping_status":"closed","sticky":false,"template":"","format":"standard","meta":{"footnotes":""},"categories":[9],"tags":[],"class_list":["post-2511","post","type-post","status-publish","format-standard","has-post-thumbnail","hentry","category-slider"],"_links":{"self":[{"href":"https:\/\/pelileo.gob.ec\/v3\/wp-json\/wp\/v2\/posts\/2511","targetHints":{"allow":["GET"]}}],"collection":[{"href":"https:\/\/pelileo.gob.ec\/v3\/wp-json\/wp\/v2\/posts"}],"about":[{"href":"https:\/\/pelileo.gob.ec\/v3\/wp-json\/wp\/v2\/types\/post"}],"author":[{"embeddable":true,"href":"https:\/\/pelileo.gob.ec\/v3\/wp-json\/wp\/v2\/users\/1"}],"replies":[{"embeddable":true,"href":"https:\/\/pelileo.gob.ec\/v3\/wp-json\/wp\/v2\/comments?post=2511"}],"version-history":[{"count":1,"href":"https:\/\/pelileo.gob.ec\/v3\/wp-json\/wp\/v2\/posts\/2511\/revisions"}],"predecessor-version":[{"id":2513,"href":"https:\/\/pelileo.gob.ec\/v3\/wp-json\/wp\/v2\/posts\/2511\/revisions\/2513"}],"wp:featuredmedia":[{"embeddable":true,"href":"https:\/\/pelileo.gob.ec\/v3\/wp-json\/wp\/v2\/media\/2512"}],"wp:attachment":[{"href":"https:\/\/pelileo.gob.ec\/v3\/wp-json\/wp\/v2\/media?parent=2511"}],"wp:term":[{"taxonomy":"category","embeddable":true,"href":"https:\/\/pelileo.gob.ec\/v3\/wp-json\/wp\/v2\/categories?post=2511"},{"taxonomy":"post_tag","embeddable":true,"href":"https:\/\/pelileo.gob.ec\/v3\/wp-json\/wp\/v2\/tags?post=2511"}],"curies":[{"name":"wp","href":"https:\/\/api.w.org\/{rel}","templated":true}]}}