{"id":2521,"date":"2023-07-04T13:37:46","date_gmt":"2023-07-04T18:37:46","guid":{"rendered":"https:\/\/pelileo.gob.ec\/portal\/?p=2521"},"modified":"2023-07-04T13:37:46","modified_gmt":"2023-07-04T18:37:46","slug":"pelileo-rock-fest-2023","status":"publish","type":"post","link":"https:\/\/pelileo.gob.ec\/v3\/pelileo-rock-fest-2023\/","title":{"rendered":"Pelileo \u201cRock Fest\u201d 2023"},"content":{"rendered":"\n<p>Alrededor de siete horas continuas de m\u00fasica y energ\u00eda, fluyeron con intensidad en el escenario natural del Complejo Tur\u00edstico La Moya durante el \u201cRescate del arte musical urbano\u201d, en el que participaron siete bandas pelile\u00f1as de g\u00e9nero Rock y todas sus derivaciones musicales. <img decoding=\"async\" height=\"16\" width=\"16\" alt=\"\ud83e\udd1f\ud83c\udffb\" src=\"https:\/\/static.xx.fbcdn.net\/images\/emoji.php\/v9\/t61\/1\/16\/1f91f_1f3fb.png\"><\/p>\n\n\n\n<p>Las emociones llegaron a su m\u00e1ximo nivel con la presentaci\u00f3n de la banda cuencana \u201cBajo sue\u00f1os\u201d, la que mediante un recorrido completo por su discograf\u00eda, encant\u00f3 al <a><\/a>p\u00fablico que masivamente lleg\u00f3 desde diferentes ciudades del pa\u00eds para celebrar a Pelileo en sus 163 a\u00f1os de cantonizaci\u00f3n.<\/p>\n","protected":false},"excerpt":{"rendered":"<p>Alrededor de siete horas continuas de m\u00fasica y energ\u00eda, fluyeron&hellip; <\/p>\n","protected":false},"author":1,"featured_media":2522,"comment_status":"closed","ping_status":"closed","sticky":false,"template":"","format":"standard","meta":{"footnotes":""},"categories":[9],"tags":[],"class_list":["post-2521","post","type-post","status-publish","format-standard","has-post-thumbnail","hentry","category-slider"],"_links":{"self":[{"href":"https:\/\/pelileo.gob.ec\/v3\/wp-json\/wp\/v2\/posts\/2521","targetHints":{"allow":["GET"]}}],"collection":[{"href":"https:\/\/pelileo.gob.ec\/v3\/wp-json\/wp\/v2\/posts"}],"about":[{"href":"https:\/\/pelileo.gob.ec\/v3\/wp-json\/wp\/v2\/types\/post"}],"author":[{"embeddable":true,"href":"https:\/\/pelileo.gob.ec\/v3\/wp-json\/wp\/v2\/users\/1"}],"replies":[{"embeddable":true,"href":"https:\/\/pelileo.gob.ec\/v3\/wp-json\/wp\/v2\/comments?post=2521"}],"version-history":[{"count":1,"href":"https:\/\/pelileo.gob.ec\/v3\/wp-json\/wp\/v2\/posts\/2521\/revisions"}],"predecessor-version":[{"id":2523,"href":"https:\/\/pelileo.gob.ec\/v3\/wp-json\/wp\/v2\/posts\/2521\/revisions\/2523"}],"wp:featuredmedia":[{"embeddable":true,"href":"https:\/\/pelileo.gob.ec\/v3\/wp-json\/wp\/v2\/media\/2522"}],"wp:attachment":[{"href":"https:\/\/pelileo.gob.ec\/v3\/wp-json\/wp\/v2\/media?parent=2521"}],"wp:term":[{"taxonomy":"category","embeddable":true,"href":"https:\/\/pelileo.gob.ec\/v3\/wp-json\/wp\/v2\/categories?post=2521"},{"taxonomy":"post_tag","embeddable":true,"href":"https:\/\/pelileo.gob.ec\/v3\/wp-json\/wp\/v2\/tags?post=2521"}],"curies":[{"name":"wp","href":"https:\/\/api.w.org\/{rel}","templated":true}]}}