{"id":2524,"date":"2023-07-10T10:50:58","date_gmt":"2023-07-10T15:50:58","guid":{"rendered":"https:\/\/pelileo.gob.ec\/portal\/?p=2524"},"modified":"2023-07-10T10:54:22","modified_gmt":"2023-07-10T15:54:22","slug":"candidatas-comparten-con-sector-empresarial","status":"publish","type":"post","link":"https:\/\/pelileo.gob.ec\/v3\/candidatas-comparten-con-sector-empresarial\/","title":{"rendered":"Candidatas comparten con sector empresarial"},"content":{"rendered":"\n<p>Candidatas comparten con sector empresarial<\/p>\n\n\n\n<p>Las siete hermosas candidatas al Reinado de San Pedro de Pelileo 2023-2024; visitaron las instalaciones de las diferentes instituciones y empresas que apoyan a la realizaci\u00f3n de los eventos culturales, sociales y deportivos por los 163 a\u00f1os de cantonizaci\u00f3n de la ciudad azul.<img decoding=\"async\" height=\"16\" width=\"16\" alt=\"\u2705\" src=\"https:\/\/static.xx.fbcdn.net\/images\/emoji.php\/v9\/t33\/1\/16\/2705.png\"><\/p>\n\n\n\n<p>La alegr\u00eda y donaire de nuestras candidatas, llenaron de fervor las actividades laborales, quienes alegremente corearon con el coraz\u00f3n emocionado \u00a1Viva <a><\/a>Pelileo!.<img decoding=\"async\" height=\"16\" width=\"16\" alt=\"\ud83c\udded\ud83c\uddfa\" src=\"https:\/\/static.xx.fbcdn.net\/images\/emoji.php\/v9\/t20\/1\/16\/1f1ed_1f1fa.png\"><\/p>\n","protected":false},"excerpt":{"rendered":"<p>Candidatas comparten con sector empresarial Las siete hermosas candidatas al&hellip; <\/p>\n","protected":false},"author":1,"featured_media":2525,"comment_status":"closed","ping_status":"closed","sticky":false,"template":"","format":"standard","meta":{"footnotes":""},"categories":[9],"tags":[],"class_list":["post-2524","post","type-post","status-publish","format-standard","has-post-thumbnail","hentry","category-slider"],"_links":{"self":[{"href":"https:\/\/pelileo.gob.ec\/v3\/wp-json\/wp\/v2\/posts\/2524","targetHints":{"allow":["GET"]}}],"collection":[{"href":"https:\/\/pelileo.gob.ec\/v3\/wp-json\/wp\/v2\/posts"}],"about":[{"href":"https:\/\/pelileo.gob.ec\/v3\/wp-json\/wp\/v2\/types\/post"}],"author":[{"embeddable":true,"href":"https:\/\/pelileo.gob.ec\/v3\/wp-json\/wp\/v2\/users\/1"}],"replies":[{"embeddable":true,"href":"https:\/\/pelileo.gob.ec\/v3\/wp-json\/wp\/v2\/comments?post=2524"}],"version-history":[{"count":1,"href":"https:\/\/pelileo.gob.ec\/v3\/wp-json\/wp\/v2\/posts\/2524\/revisions"}],"predecessor-version":[{"id":2526,"href":"https:\/\/pelileo.gob.ec\/v3\/wp-json\/wp\/v2\/posts\/2524\/revisions\/2526"}],"wp:featuredmedia":[{"embeddable":true,"href":"https:\/\/pelileo.gob.ec\/v3\/wp-json\/wp\/v2\/media\/2525"}],"wp:attachment":[{"href":"https:\/\/pelileo.gob.ec\/v3\/wp-json\/wp\/v2\/media?parent=2524"}],"wp:term":[{"taxonomy":"category","embeddable":true,"href":"https:\/\/pelileo.gob.ec\/v3\/wp-json\/wp\/v2\/categories?post=2524"},{"taxonomy":"post_tag","embeddable":true,"href":"https:\/\/pelileo.gob.ec\/v3\/wp-json\/wp\/v2\/tags?post=2524"}],"curies":[{"name":"wp","href":"https:\/\/api.w.org\/{rel}","templated":true}]}}