{"id":2530,"date":"2023-07-10T10:57:46","date_gmt":"2023-07-10T15:57:46","guid":{"rendered":"https:\/\/pelileo.gob.ec\/portal\/?p=2530"},"modified":"2023-07-10T10:57:46","modified_gmt":"2023-07-10T15:57:46","slug":"candidatas-invitan-a-festividad-pelilena","status":"publish","type":"post","link":"https:\/\/pelileo.gob.ec\/v3\/candidatas-invitan-a-festividad-pelilena\/","title":{"rendered":"Candidatas invitan a festividad Pelile\u00f1a"},"content":{"rendered":"\n<p>Mostrando su belleza e intelecto, las encantadoras candidatas al reinado de <a href=\"https:\/\/www.facebook.com\/hashtag\/pelileo?__eep__=6&amp;__cft__[0]=AZXC3Am822NDZwnHN_piyT6ZbJbtZ-hqO2yLLbwWUUJC-ay_NyZHe47aqmjplUyEIdv3ct08pO9AQk_CwugLw8nRAf3yDJsJRU8zhIrOR4ys9wtPJa_3-IBqTIje5Q57-xK8H5twDwthLWgVFu9DtIbAapablyUoU4J6eL-Ryc2Q0faFn_kyRXOw4qvDINYTypk&amp;__tn__=*NK-R\">#Pelileo<\/a> visitaron los medios de comunicaci\u00f3n de nuestra provincia, para invitar a la colectividad a compartir la alegr\u00eda de un nuevo aniversario de cantonizaci\u00f3n. <img decoding=\"async\" height=\"16\" width=\"16\" src=\"https:\/\/static.xx.fbcdn.net\/images\/emoji.php\/v9\/t20\/1\/16\/1f1ed_1f1fa.png\" alt=\"\ud83c\udded\ud83c\uddfa\"><\/p>\n","protected":false},"excerpt":{"rendered":"<p>Mostrando su belleza e intelecto, las encantadoras candidatas al reinado&hellip; <\/p>\n","protected":false},"author":1,"featured_media":2531,"comment_status":"closed","ping_status":"closed","sticky":false,"template":"","format":"standard","meta":{"footnotes":""},"categories":[9],"tags":[],"class_list":["post-2530","post","type-post","status-publish","format-standard","has-post-thumbnail","hentry","category-slider"],"_links":{"self":[{"href":"https:\/\/pelileo.gob.ec\/v3\/wp-json\/wp\/v2\/posts\/2530","targetHints":{"allow":["GET"]}}],"collection":[{"href":"https:\/\/pelileo.gob.ec\/v3\/wp-json\/wp\/v2\/posts"}],"about":[{"href":"https:\/\/pelileo.gob.ec\/v3\/wp-json\/wp\/v2\/types\/post"}],"author":[{"embeddable":true,"href":"https:\/\/pelileo.gob.ec\/v3\/wp-json\/wp\/v2\/users\/1"}],"replies":[{"embeddable":true,"href":"https:\/\/pelileo.gob.ec\/v3\/wp-json\/wp\/v2\/comments?post=2530"}],"version-history":[{"count":1,"href":"https:\/\/pelileo.gob.ec\/v3\/wp-json\/wp\/v2\/posts\/2530\/revisions"}],"predecessor-version":[{"id":2532,"href":"https:\/\/pelileo.gob.ec\/v3\/wp-json\/wp\/v2\/posts\/2530\/revisions\/2532"}],"wp:featuredmedia":[{"embeddable":true,"href":"https:\/\/pelileo.gob.ec\/v3\/wp-json\/wp\/v2\/media\/2531"}],"wp:attachment":[{"href":"https:\/\/pelileo.gob.ec\/v3\/wp-json\/wp\/v2\/media?parent=2530"}],"wp:term":[{"taxonomy":"category","embeddable":true,"href":"https:\/\/pelileo.gob.ec\/v3\/wp-json\/wp\/v2\/categories?post=2530"},{"taxonomy":"post_tag","embeddable":true,"href":"https:\/\/pelileo.gob.ec\/v3\/wp-json\/wp\/v2\/tags?post=2530"}],"curies":[{"name":"wp","href":"https:\/\/api.w.org\/{rel}","templated":true}]}}