{"id":2533,"date":"2023-07-10T11:00:01","date_gmt":"2023-07-10T16:00:01","guid":{"rendered":"https:\/\/pelileo.gob.ec\/portal\/?p=2533"},"modified":"2023-07-10T11:00:01","modified_gmt":"2023-07-10T16:00:01","slug":"apoteosica-despedida-a-la-churonita","status":"publish","type":"post","link":"https:\/\/pelileo.gob.ec\/v3\/apoteosica-despedida-a-la-churonita\/","title":{"rendered":"Apote\u00f3sica despedida a la \u201cchuronita\u201d"},"content":{"rendered":"\n<p>Con una misa campal presidida por el Obispo de la Di\u00f3cesis Monse\u00f1or Geovanny Pazmi\u00f1o, miles de devotos cat\u00f3licos de nuestro cant\u00f3n y de las ciudades vecinas, despidieron a la \u201cVirgen del Cisne\u201d que permaneci\u00f3 durante 4 d\u00edas en nuestro cant\u00f3n.<\/p>\n\n\n\n<p>Un desborde de fe y gratitud se evidenci\u00f3 en el rostro de los asistentes, quienes con l\u00e1grimas en los ojos agradecieron a la \u201cchuronita\u201d por las bendiciones recibidas. El Alcalde Dr. Gabriel <a><\/a>Z\u00fa\u00f1iga destac\u00f3 la unidad de la ciudadan\u00eda y pidi\u00f3 mantener esa fe inquebrantable para caminar juntos generando el desarrollo de <a href=\"https:\/\/www.facebook.com\/hashtag\/pelileo?__eep__=6&amp;__cft__[0]=AZXcuZoumCnbKFw2B15rsVKLLsB74h4ACNCPZlqMNDWoJYAUrnLrYDOWRD4htHRhp6QlP3SW2gu8cdRzGI7H9C0MLLZx1Bg2cSxjWeHWNqFS62ghb3fRPGa6LUn2flcRsJU1rXM_wooDSRptrJ6Ve4CaQFRETO9PsuN-iYLUXT_qfW67CmjYzQkWgQIIj0N4pM0&amp;__tn__=*NK-R\">#Pelileo<\/a>.<img decoding=\"async\" height=\"16\" width=\"16\" alt=\"\ud83c\udded\ud83c\uddfa\" src=\"https:\/\/static.xx.fbcdn.net\/images\/emoji.php\/v9\/t20\/1\/16\/1f1ed_1f1fa.png\"><\/p>\n","protected":false},"excerpt":{"rendered":"<p>Con una misa campal presidida por el Obispo de la&hellip; <\/p>\n","protected":false},"author":1,"featured_media":2534,"comment_status":"closed","ping_status":"closed","sticky":false,"template":"","format":"standard","meta":{"footnotes":""},"categories":[9],"tags":[],"class_list":["post-2533","post","type-post","status-publish","format-standard","has-post-thumbnail","hentry","category-slider"],"_links":{"self":[{"href":"https:\/\/pelileo.gob.ec\/v3\/wp-json\/wp\/v2\/posts\/2533","targetHints":{"allow":["GET"]}}],"collection":[{"href":"https:\/\/pelileo.gob.ec\/v3\/wp-json\/wp\/v2\/posts"}],"about":[{"href":"https:\/\/pelileo.gob.ec\/v3\/wp-json\/wp\/v2\/types\/post"}],"author":[{"embeddable":true,"href":"https:\/\/pelileo.gob.ec\/v3\/wp-json\/wp\/v2\/users\/1"}],"replies":[{"embeddable":true,"href":"https:\/\/pelileo.gob.ec\/v3\/wp-json\/wp\/v2\/comments?post=2533"}],"version-history":[{"count":1,"href":"https:\/\/pelileo.gob.ec\/v3\/wp-json\/wp\/v2\/posts\/2533\/revisions"}],"predecessor-version":[{"id":2535,"href":"https:\/\/pelileo.gob.ec\/v3\/wp-json\/wp\/v2\/posts\/2533\/revisions\/2535"}],"wp:featuredmedia":[{"embeddable":true,"href":"https:\/\/pelileo.gob.ec\/v3\/wp-json\/wp\/v2\/media\/2534"}],"wp:attachment":[{"href":"https:\/\/pelileo.gob.ec\/v3\/wp-json\/wp\/v2\/media?parent=2533"}],"wp:term":[{"taxonomy":"category","embeddable":true,"href":"https:\/\/pelileo.gob.ec\/v3\/wp-json\/wp\/v2\/categories?post=2533"},{"taxonomy":"post_tag","embeddable":true,"href":"https:\/\/pelileo.gob.ec\/v3\/wp-json\/wp\/v2\/tags?post=2533"}],"curies":[{"name":"wp","href":"https:\/\/api.w.org\/{rel}","templated":true}]}}