{"id":2558,"date":"2023-07-14T09:09:16","date_gmt":"2023-07-14T14:09:16","guid":{"rendered":"https:\/\/pelileo.gob.ec\/portal\/?p=2558"},"modified":"2023-07-14T09:09:16","modified_gmt":"2023-07-14T14:09:16","slug":"eleccion-de-la-nueva-soberana-de-pelileo","status":"publish","type":"post","link":"https:\/\/pelileo.gob.ec\/v3\/eleccion-de-la-nueva-soberana-de-pelileo\/","title":{"rendered":"Elecci\u00f3n de la nueva soberana de Pelileo."},"content":{"rendered":"\n<p>En un ambiente de belleza, m\u00fasica, colorido y confraternidad de los pelile\u00f1os y visitantes; elegimos a la nueva soberana del cant\u00f3n San Pedro de Pelileo.&nbsp;<img decoding=\"async\" height=\"16\" width=\"16\" alt=\"\ud83c\udded\ud83c\uddfa\" src=\"https:\/\/static.xx.fbcdn.net\/images\/emoji.php\/v9\/tb9\/1.5\/16\/1f1ed_1f1fa.png\"><\/p>\n\n\n\n<p>Ven y comparte la alegr\u00eda de un nuevo aniversario de cantonizaci\u00f3n y gritemos juntos \u00a1Viva Pelileo!<\/p>\n","protected":false},"excerpt":{"rendered":"<p>En un ambiente de belleza, m\u00fasica, colorido y confraternidad de&hellip; <\/p>\n","protected":false},"author":1,"featured_media":2559,"comment_status":"closed","ping_status":"closed","sticky":false,"template":"","format":"standard","meta":{"footnotes":""},"categories":[9],"tags":[],"class_list":["post-2558","post","type-post","status-publish","format-standard","has-post-thumbnail","hentry","category-slider"],"_links":{"self":[{"href":"https:\/\/pelileo.gob.ec\/v3\/wp-json\/wp\/v2\/posts\/2558","targetHints":{"allow":["GET"]}}],"collection":[{"href":"https:\/\/pelileo.gob.ec\/v3\/wp-json\/wp\/v2\/posts"}],"about":[{"href":"https:\/\/pelileo.gob.ec\/v3\/wp-json\/wp\/v2\/types\/post"}],"author":[{"embeddable":true,"href":"https:\/\/pelileo.gob.ec\/v3\/wp-json\/wp\/v2\/users\/1"}],"replies":[{"embeddable":true,"href":"https:\/\/pelileo.gob.ec\/v3\/wp-json\/wp\/v2\/comments?post=2558"}],"version-history":[{"count":1,"href":"https:\/\/pelileo.gob.ec\/v3\/wp-json\/wp\/v2\/posts\/2558\/revisions"}],"predecessor-version":[{"id":2560,"href":"https:\/\/pelileo.gob.ec\/v3\/wp-json\/wp\/v2\/posts\/2558\/revisions\/2560"}],"wp:featuredmedia":[{"embeddable":true,"href":"https:\/\/pelileo.gob.ec\/v3\/wp-json\/wp\/v2\/media\/2559"}],"wp:attachment":[{"href":"https:\/\/pelileo.gob.ec\/v3\/wp-json\/wp\/v2\/media?parent=2558"}],"wp:term":[{"taxonomy":"category","embeddable":true,"href":"https:\/\/pelileo.gob.ec\/v3\/wp-json\/wp\/v2\/categories?post=2558"},{"taxonomy":"post_tag","embeddable":true,"href":"https:\/\/pelileo.gob.ec\/v3\/wp-json\/wp\/v2\/tags?post=2558"}],"curies":[{"name":"wp","href":"https:\/\/api.w.org\/{rel}","templated":true}]}}