{"id":2570,"date":"2023-07-18T13:17:32","date_gmt":"2023-07-18T18:17:32","guid":{"rendered":"https:\/\/pelileo.gob.ec\/portal\/?p=2570"},"modified":"2023-07-18T13:17:32","modified_gmt":"2023-07-18T18:17:32","slug":"jannel-garzon-es-la-nueva-reina-de-pelileo","status":"publish","type":"post","link":"https:\/\/pelileo.gob.ec\/v3\/jannel-garzon-es-la-nueva-reina-de-pelileo\/","title":{"rendered":"Jannel Garz\u00f3n es la nueva reina de Pelileo"},"content":{"rendered":"\n<p>En un evento galante de glamour, m\u00fasica y armon\u00eda; el cant\u00f3n <a href=\"https:\/\/www.facebook.com\/hashtag\/pelileo?__eep__=6&amp;__cft__[0]=AZWAgoZ4ABb4nThplWIFHQ-uWrpT74BXBei0W0eNFyGjyAlIsrsv05VM1K3ctlsSV0rzcjqb--4akDiMtSXDzV--CjslVrqZfZVLSJjJ5aGcJtdx38n1dw6cErGjbnohkPFDlKdKCoQtWA0dDIrhoGnW1rOwmUqurazNqQ-145fxQKqul6XREcoHmTMqOkTcXBU&amp;__tn__=*NK-R\">#Pelileo<\/a> eligi\u00f3 a su nueva soberana, dignidad que recay\u00f3 en la representante de la parroquia <a href=\"https:\/\/www.facebook.com\/hashtag\/huambal%C3%B3?__eep__=6&amp;__cft__[0]=AZWAgoZ4ABb4nThplWIFHQ-uWrpT74BXBei0W0eNFyGjyAlIsrsv05VM1K3ctlsSV0rzcjqb--4akDiMtSXDzV--CjslVrqZfZVLSJjJ5aGcJtdx38n1dw6cErGjbnohkPFDlKdKCoQtWA0dDIrhoGnW1rOwmUqurazNqQ-145fxQKqul6XREcoHmTMqOkTcXBU&amp;__tn__=*NK-R\">#Huambal\u00f3<\/a> Jannel Valentina Garz\u00f3n Aguirre, quien ratific\u00f3 el compromiso de emprender su trabajo para favorecer a quienes m\u00e1s lo necesitan.<img decoding=\"async\" height=\"16\" width=\"16\" alt=\"\ud83e\udde1\" src=\"https:\/\/static.xx.fbcdn.net\/images\/emoji.php\/v9\/tfd\/1\/16\/1f9e1.png\"><\/p>\n\n\n\n<p>Carla Andrea L\u00f3pez, representante del barrio Central fue electa como Virreina de Pelileo y Magaly Camila Pozo del barrio Oriente <a><\/a>se\u00f1orita Simpat\u00eda.<\/p>\n","protected":false},"excerpt":{"rendered":"<p>En un evento galante de glamour, m\u00fasica y armon\u00eda; el&hellip; <\/p>\n","protected":false},"author":1,"featured_media":2571,"comment_status":"closed","ping_status":"closed","sticky":false,"template":"","format":"standard","meta":{"footnotes":""},"categories":[9],"tags":[],"class_list":["post-2570","post","type-post","status-publish","format-standard","has-post-thumbnail","hentry","category-slider"],"_links":{"self":[{"href":"https:\/\/pelileo.gob.ec\/v3\/wp-json\/wp\/v2\/posts\/2570","targetHints":{"allow":["GET"]}}],"collection":[{"href":"https:\/\/pelileo.gob.ec\/v3\/wp-json\/wp\/v2\/posts"}],"about":[{"href":"https:\/\/pelileo.gob.ec\/v3\/wp-json\/wp\/v2\/types\/post"}],"author":[{"embeddable":true,"href":"https:\/\/pelileo.gob.ec\/v3\/wp-json\/wp\/v2\/users\/1"}],"replies":[{"embeddable":true,"href":"https:\/\/pelileo.gob.ec\/v3\/wp-json\/wp\/v2\/comments?post=2570"}],"version-history":[{"count":1,"href":"https:\/\/pelileo.gob.ec\/v3\/wp-json\/wp\/v2\/posts\/2570\/revisions"}],"predecessor-version":[{"id":2572,"href":"https:\/\/pelileo.gob.ec\/v3\/wp-json\/wp\/v2\/posts\/2570\/revisions\/2572"}],"wp:featuredmedia":[{"embeddable":true,"href":"https:\/\/pelileo.gob.ec\/v3\/wp-json\/wp\/v2\/media\/2571"}],"wp:attachment":[{"href":"https:\/\/pelileo.gob.ec\/v3\/wp-json\/wp\/v2\/media?parent=2570"}],"wp:term":[{"taxonomy":"category","embeddable":true,"href":"https:\/\/pelileo.gob.ec\/v3\/wp-json\/wp\/v2\/categories?post=2570"},{"taxonomy":"post_tag","embeddable":true,"href":"https:\/\/pelileo.gob.ec\/v3\/wp-json\/wp\/v2\/tags?post=2570"}],"curies":[{"name":"wp","href":"https:\/\/api.w.org\/{rel}","templated":true}]}}