{"id":2573,"date":"2023-07-18T13:20:55","date_gmt":"2023-07-18T18:20:55","guid":{"rendered":"https:\/\/pelileo.gob.ec\/portal\/?p=2573"},"modified":"2023-07-18T13:20:55","modified_gmt":"2023-07-18T18:20:55","slug":"las-tradiciones-se-fortalecen-en-pelileo","status":"publish","type":"post","link":"https:\/\/pelileo.gob.ec\/v3\/las-tradiciones-se-fortalecen-en-pelileo\/","title":{"rendered":"Las tradiciones se fortalecen en Pelileo"},"content":{"rendered":"\n<p>Un derroche de alegr\u00eda, folclor y colorido se tomaron las calles pelile\u00f1as, durante el desfile intercultural que acogi\u00f3 a m\u00e1s de 120 delegaciones nacionales e internacionales, que rindieron un sentido homenaje a la ciudad azul al cumplir 163 a\u00f1os de cantonizaci\u00f3n.<img decoding=\"async\" height=\"16\" width=\"16\" alt=\"\ud83d\udd7a\ud83c\udfff\" src=\"https:\/\/static.xx.fbcdn.net\/images\/emoji.php\/v9\/td6\/1\/16\/1f57a_1f3ff.png\"><\/p>\n\n\n\n<p>Vistiendo atuendos multicolores y bailando ritmos tradicionales del folclor nacional, las delegaciones emocionaron al p\u00fablico asistente y a las autoridades locales y <a><\/a>visitantes que en un solo grito elevaron la emoci\u00f3n al infinito, con la frase inmortal \u00a1Viva Pelileo!<\/p>\n","protected":false},"excerpt":{"rendered":"<p>Un derroche de alegr\u00eda, folclor y colorido se tomaron las&hellip; <\/p>\n","protected":false},"author":1,"featured_media":2574,"comment_status":"closed","ping_status":"closed","sticky":false,"template":"","format":"standard","meta":{"footnotes":""},"categories":[9],"tags":[],"class_list":["post-2573","post","type-post","status-publish","format-standard","has-post-thumbnail","hentry","category-slider"],"_links":{"self":[{"href":"https:\/\/pelileo.gob.ec\/v3\/wp-json\/wp\/v2\/posts\/2573","targetHints":{"allow":["GET"]}}],"collection":[{"href":"https:\/\/pelileo.gob.ec\/v3\/wp-json\/wp\/v2\/posts"}],"about":[{"href":"https:\/\/pelileo.gob.ec\/v3\/wp-json\/wp\/v2\/types\/post"}],"author":[{"embeddable":true,"href":"https:\/\/pelileo.gob.ec\/v3\/wp-json\/wp\/v2\/users\/1"}],"replies":[{"embeddable":true,"href":"https:\/\/pelileo.gob.ec\/v3\/wp-json\/wp\/v2\/comments?post=2573"}],"version-history":[{"count":1,"href":"https:\/\/pelileo.gob.ec\/v3\/wp-json\/wp\/v2\/posts\/2573\/revisions"}],"predecessor-version":[{"id":2575,"href":"https:\/\/pelileo.gob.ec\/v3\/wp-json\/wp\/v2\/posts\/2573\/revisions\/2575"}],"wp:featuredmedia":[{"embeddable":true,"href":"https:\/\/pelileo.gob.ec\/v3\/wp-json\/wp\/v2\/media\/2574"}],"wp:attachment":[{"href":"https:\/\/pelileo.gob.ec\/v3\/wp-json\/wp\/v2\/media?parent=2573"}],"wp:term":[{"taxonomy":"category","embeddable":true,"href":"https:\/\/pelileo.gob.ec\/v3\/wp-json\/wp\/v2\/categories?post=2573"},{"taxonomy":"post_tag","embeddable":true,"href":"https:\/\/pelileo.gob.ec\/v3\/wp-json\/wp\/v2\/tags?post=2573"}],"curies":[{"name":"wp","href":"https:\/\/api.w.org\/{rel}","templated":true}]}}