{"id":2577,"date":"2023-07-24T09:02:19","date_gmt":"2023-07-24T14:02:19","guid":{"rendered":"https:\/\/pelileo.gob.ec\/portal\/?p=2577"},"modified":"2023-07-24T09:02:19","modified_gmt":"2023-07-24T14:02:19","slug":"desfile-civico","status":"publish","type":"post","link":"https:\/\/pelileo.gob.ec\/v3\/desfile-civico\/","title":{"rendered":"Desfile c\u00edvico"},"content":{"rendered":"\n<p>Emotivo homenaje estudiantil<\/p>\n\n\n\n<p>Con civismo y gallard\u00eda, estudiantes de las instituciones educativas de Pelileo y los cantones vecinos, rindieron homenaje a la ciudad azul en sus 163 a\u00f1os de cantonizaci\u00f3n. Ex bastoneras e integrantes de las ex bandas de guerra de instituciones emblem\u00e1ticas del Ecuador se sumaron al homenaje. <img decoding=\"async\" height=\"16\" width=\"16\" alt=\"\ud83c\udded\ud83c\uddfa\" src=\"https:\/\/static.xx.fbcdn.net\/images\/emoji.php\/v9\/t20\/1\/16\/1f1ed_1f1fa.png\"><\/p>\n\n\n\n<p>Uniformados de las diferentes ramas de las Fuerzas Armadas del Ecuador, ofrecieron una Parada militar para cerrar con broche de oro este sentido <a><\/a>homenaje a Pelileo en su nuevo aniversario de vida pol\u00edtica.<\/p>\n","protected":false},"excerpt":{"rendered":"<p>Emotivo homenaje estudiantil Con civismo y gallard\u00eda, estudiantes de las&hellip; <\/p>\n","protected":false},"author":1,"featured_media":2578,"comment_status":"closed","ping_status":"closed","sticky":false,"template":"","format":"standard","meta":{"footnotes":""},"categories":[9],"tags":[],"class_list":["post-2577","post","type-post","status-publish","format-standard","has-post-thumbnail","hentry","category-slider"],"_links":{"self":[{"href":"https:\/\/pelileo.gob.ec\/v3\/wp-json\/wp\/v2\/posts\/2577","targetHints":{"allow":["GET"]}}],"collection":[{"href":"https:\/\/pelileo.gob.ec\/v3\/wp-json\/wp\/v2\/posts"}],"about":[{"href":"https:\/\/pelileo.gob.ec\/v3\/wp-json\/wp\/v2\/types\/post"}],"author":[{"embeddable":true,"href":"https:\/\/pelileo.gob.ec\/v3\/wp-json\/wp\/v2\/users\/1"}],"replies":[{"embeddable":true,"href":"https:\/\/pelileo.gob.ec\/v3\/wp-json\/wp\/v2\/comments?post=2577"}],"version-history":[{"count":1,"href":"https:\/\/pelileo.gob.ec\/v3\/wp-json\/wp\/v2\/posts\/2577\/revisions"}],"predecessor-version":[{"id":2579,"href":"https:\/\/pelileo.gob.ec\/v3\/wp-json\/wp\/v2\/posts\/2577\/revisions\/2579"}],"wp:featuredmedia":[{"embeddable":true,"href":"https:\/\/pelileo.gob.ec\/v3\/wp-json\/wp\/v2\/media\/2578"}],"wp:attachment":[{"href":"https:\/\/pelileo.gob.ec\/v3\/wp-json\/wp\/v2\/media?parent=2577"}],"wp:term":[{"taxonomy":"category","embeddable":true,"href":"https:\/\/pelileo.gob.ec\/v3\/wp-json\/wp\/v2\/categories?post=2577"},{"taxonomy":"post_tag","embeddable":true,"href":"https:\/\/pelileo.gob.ec\/v3\/wp-json\/wp\/v2\/tags?post=2577"}],"curies":[{"name":"wp","href":"https:\/\/api.w.org\/{rel}","templated":true}]}}