{"id":2580,"date":"2023-07-24T09:04:27","date_gmt":"2023-07-24T14:04:27","guid":{"rendered":"https:\/\/pelileo.gob.ec\/portal\/?p=2580"},"modified":"2023-07-24T09:04:27","modified_gmt":"2023-07-24T14:04:27","slug":"sesion-solemne","status":"publish","type":"post","link":"https:\/\/pelileo.gob.ec\/v3\/sesion-solemne\/","title":{"rendered":"Sesi\u00f3n Solemne"},"content":{"rendered":"\n<p>En el marco de los 163 a\u00f1os de vida pol\u00edtica cantonal, el Gobierno Aut\u00f3nomo Descentralizado Municipal de Pelileo celebr\u00f3 la sesi\u00f3n solemne con la presencia de autoridades civiles, militares, eclesi\u00e1sticas, as\u00ed tambi\u00e9n la ciudadan\u00eda y sectores productivos del cant\u00f3n. <img decoding=\"async\" height=\"16\" width=\"16\" alt=\"\ud83c\udded\ud83c\uddfa\" src=\"https:\/\/static.xx.fbcdn.net\/images\/emoji.php\/v9\/t20\/1\/16\/1f1ed_1f1fa.png\"><\/p>\n\n\n\n<p>El Alcalde Dr. Gabriel Z\u00fa\u00f1iga, tras rememorar datos hist\u00f3ricos del proceso de cantonizaci\u00f3n, hizo un llamado a la unidad como el \u00fanico camino para <a><\/a>continuar por la senda del desarrollo. De igual forma se reconocieron a ciudadanos que mediante su trabajo dejaron en alto el nombre de Pelileo en diferentes actividades. Tambi\u00e9n entregaron reconocimientos a los servidores municipales que cumplieron 25 a\u00f1os de servicio en la instituci\u00f3n.<\/p>\n","protected":false},"excerpt":{"rendered":"<p>En el marco de los 163 a\u00f1os de vida pol\u00edtica&hellip; <\/p>\n","protected":false},"author":1,"featured_media":2581,"comment_status":"closed","ping_status":"closed","sticky":false,"template":"","format":"standard","meta":{"footnotes":""},"categories":[9],"tags":[],"class_list":["post-2580","post","type-post","status-publish","format-standard","has-post-thumbnail","hentry","category-slider"],"_links":{"self":[{"href":"https:\/\/pelileo.gob.ec\/v3\/wp-json\/wp\/v2\/posts\/2580","targetHints":{"allow":["GET"]}}],"collection":[{"href":"https:\/\/pelileo.gob.ec\/v3\/wp-json\/wp\/v2\/posts"}],"about":[{"href":"https:\/\/pelileo.gob.ec\/v3\/wp-json\/wp\/v2\/types\/post"}],"author":[{"embeddable":true,"href":"https:\/\/pelileo.gob.ec\/v3\/wp-json\/wp\/v2\/users\/1"}],"replies":[{"embeddable":true,"href":"https:\/\/pelileo.gob.ec\/v3\/wp-json\/wp\/v2\/comments?post=2580"}],"version-history":[{"count":1,"href":"https:\/\/pelileo.gob.ec\/v3\/wp-json\/wp\/v2\/posts\/2580\/revisions"}],"predecessor-version":[{"id":2582,"href":"https:\/\/pelileo.gob.ec\/v3\/wp-json\/wp\/v2\/posts\/2580\/revisions\/2582"}],"wp:featuredmedia":[{"embeddable":true,"href":"https:\/\/pelileo.gob.ec\/v3\/wp-json\/wp\/v2\/media\/2581"}],"wp:attachment":[{"href":"https:\/\/pelileo.gob.ec\/v3\/wp-json\/wp\/v2\/media?parent=2580"}],"wp:term":[{"taxonomy":"category","embeddable":true,"href":"https:\/\/pelileo.gob.ec\/v3\/wp-json\/wp\/v2\/categories?post=2580"},{"taxonomy":"post_tag","embeddable":true,"href":"https:\/\/pelileo.gob.ec\/v3\/wp-json\/wp\/v2\/tags?post=2580"}],"curies":[{"name":"wp","href":"https:\/\/api.w.org\/{rel}","templated":true}]}}