{"id":2583,"date":"2023-07-27T20:16:41","date_gmt":"2023-07-28T01:16:41","guid":{"rendered":"https:\/\/pelileo.gob.ec\/portal\/?p=2583"},"modified":"2023-07-27T20:16:41","modified_gmt":"2023-07-28T01:16:41","slug":"feria-del-mueble-huambalo-agosto-2023","status":"publish","type":"post","link":"https:\/\/pelileo.gob.ec\/v3\/feria-del-mueble-huambalo-agosto-2023\/","title":{"rendered":"Feria del Mueble Huambal\u00f3 Agosto 2023"},"content":{"rendered":"\n<p>Feria del Mueble Huambal\u00f3 Agosto 2023 abri\u00f3 sus puertas!<\/p>\n\n\n\n<p>Con la presencia de autoridades cantonales y parroquiales, artesanos, reinas y los amantes del dise\u00f1o de interiores se inaugur\u00f3 la Feria del Mueble que forma parte de la Agenda de Actividades por los 163 a\u00f1os de cantonizaci\u00f3n. Esta feria se desarrollar\u00e1 desde el 28 de julio al 13 de agosto del presente, en donde todos los visitantes podr\u00e1n acceder a descuentos y promociones de temporada.<\/p>\n\n\n\n<p>El Dr. Gabriel Z\u00fa\u00f1iga Alcalde de <a href=\"https:\/\/www.facebook.com\/hashtag\/pelileo?__eep__=6&amp;__cft__[0]=AZXICXLX7YeKelBHP-1VruE8rcpyur-7xve8VobBq0jlDXsOf8WMZw3erZqsJ1D-ybqlljmQAcfD_6tIOg7ZyHB-_w9ocNeQHCJbIDoDnEVHh8JB1qw0IFN-lSJkZGXmvc4Inw0XKdyaJPfhzDBEtLJC5BrMMCkBtzULMxcFAgvlK8u_mJnzNpzQN_E_puX-7pA&amp;__tn__=*NK-R\">#Pelileo<\/a> invita a toda la colectividad a visitar este productivo sector del cant\u00f3n que nos espera con gran variedad de su industria para el hogar<\/p>\n","protected":false},"excerpt":{"rendered":"<p>Feria del Mueble Huambal\u00f3 Agosto 2023 abri\u00f3 sus puertas! Con&hellip; <\/p>\n","protected":false},"author":1,"featured_media":2584,"comment_status":"closed","ping_status":"closed","sticky":false,"template":"","format":"standard","meta":{"footnotes":""},"categories":[9],"tags":[],"class_list":["post-2583","post","type-post","status-publish","format-standard","has-post-thumbnail","hentry","category-slider"],"_links":{"self":[{"href":"https:\/\/pelileo.gob.ec\/v3\/wp-json\/wp\/v2\/posts\/2583","targetHints":{"allow":["GET"]}}],"collection":[{"href":"https:\/\/pelileo.gob.ec\/v3\/wp-json\/wp\/v2\/posts"}],"about":[{"href":"https:\/\/pelileo.gob.ec\/v3\/wp-json\/wp\/v2\/types\/post"}],"author":[{"embeddable":true,"href":"https:\/\/pelileo.gob.ec\/v3\/wp-json\/wp\/v2\/users\/1"}],"replies":[{"embeddable":true,"href":"https:\/\/pelileo.gob.ec\/v3\/wp-json\/wp\/v2\/comments?post=2583"}],"version-history":[{"count":1,"href":"https:\/\/pelileo.gob.ec\/v3\/wp-json\/wp\/v2\/posts\/2583\/revisions"}],"predecessor-version":[{"id":2585,"href":"https:\/\/pelileo.gob.ec\/v3\/wp-json\/wp\/v2\/posts\/2583\/revisions\/2585"}],"wp:featuredmedia":[{"embeddable":true,"href":"https:\/\/pelileo.gob.ec\/v3\/wp-json\/wp\/v2\/media\/2584"}],"wp:attachment":[{"href":"https:\/\/pelileo.gob.ec\/v3\/wp-json\/wp\/v2\/media?parent=2583"}],"wp:term":[{"taxonomy":"category","embeddable":true,"href":"https:\/\/pelileo.gob.ec\/v3\/wp-json\/wp\/v2\/categories?post=2583"},{"taxonomy":"post_tag","embeddable":true,"href":"https:\/\/pelileo.gob.ec\/v3\/wp-json\/wp\/v2\/tags?post=2583"}],"curies":[{"name":"wp","href":"https:\/\/api.w.org\/{rel}","templated":true}]}}