{"id":2614,"date":"2023-08-09T08:45:43","date_gmt":"2023-08-09T13:45:43","guid":{"rendered":"https:\/\/pelileo.gob.ec\/portal\/?p=2614"},"modified":"2023-08-09T08:45:43","modified_gmt":"2023-08-09T13:45:43","slug":"reactiva-tu-negocio","status":"publish","type":"post","link":"https:\/\/pelileo.gob.ec\/v3\/reactiva-tu-negocio\/","title":{"rendered":"Reactiva Tu Negocio"},"content":{"rendered":"\n<p>El Gad Municipal de Pelileo comprometido en mejorar el desarrollo de los \ud835\udc1e\ud835\udc26\ud835\udc29\ud835\udc2b\ud835\udc1e\ud835\udc27\ud835\udc1d\ud835\udc22\ud835\udc26\ud835\udc22\ud835\udc1e\ud835\udc27\ud835\udc2d\ud835\udc28\ud835\udc2c \ud835\udc2d\ud835\udc2e\ud835\udc2b\ud835\udc22\u0301\ud835\udc2c\ud835\udc2d\ud835\udc22\ud835\udc1c\ud835\udc28\ud835\udc2c \ud835\udc1d\ud835\udc1e\ud835\udc25 \ud835\udc1c\ud835\udc1a\ud835\udc27\ud835\udc2d\ud835\udc28\u0301\ud835\udc27 \ud835\udc0f\ud835\udc1e\ud835\udc25\ud835\udc22\ud835\udc25\ud835\udc1e\ud835\udc28, ha gestionado una socializaci\u00f3n de productos financieros (l\u00edneas de cr\u00e9dito) a trav\u00e9s del \ud835\udc74\ud835\udc8a\ud835\udc8f\ud835\udc8a\ud835\udc94\ud835\udc95\ud835\udc86\ud835\udc93\ud835\udc8a\ud835\udc90 \ud835\udc85\ud835\udc86 \ud835\udc7b\ud835\udc96\ud835\udc93\ud835\udc8a\ud835\udc94\ud835\udc8e\ud835\udc90 \ud835\udc86\ud835\udc8f \ud835\udc84\ud835\udc90\ud835\udc90\ud835\udc93\ud835\udc85\ud835\udc8a\ud835\udc8f\ud835\udc82\ud835\udc84\ud835\udc8a\ud835\udc90\u0301\ud835\udc8f \ud835\udc84\ud835\udc90\ud835\udc8f \ud835\udc69\ud835\udc82\ud835\udc8f\ud835\udc6c\ud835\udc84\ud835\udc96\ud835\udc82\ud835\udc85\ud835\udc90\ud835\udc93 con la finalidad de brindar una opci\u00f3n eficaz para los prestadores de servicios tur\u00edsticos que deseen mejorar sus negocios y de esta manera fortalecer el destino Pelileo.<\/p>\n\n\n\n<p><img decoding=\"async\" height=\"16\" width=\"16\" alt=\"\u2611\ufe0f\" src=\"https:\/\/static.xx.fbcdn.net\/images\/emoji.php\/v9\/t14\/1.5\/16\/2611.png\">\ud835\uddd9\ud835\uddd8\ud835\uddd6\ud835\udddb\ud835\uddd4: Mi\u00e9rcoles 9 de Agosto<\/p>\n\n\n\n<p><img decoding=\"async\" height=\"16\" width=\"16\" alt=\"\u2611\ufe0f\" src=\"https:\/\/static.xx.fbcdn.net\/images\/emoji.php\/v9\/t14\/1.5\/16\/2611.png\">\ud835\udddf\ud835\udde8\ud835\uddda\ud835\uddd4\ud835\udde5: Sal\u00f3n de la Ciudad<\/p>\n\n\n\n<p><img decoding=\"async\" height=\"16\" width=\"16\" alt=\"\u2611\ufe0f\" src=\"https:\/\/static.xx.fbcdn.net\/images\/emoji.php\/v9\/t14\/1.5\/16\/2611.png\">\ud835\udddb\ud835\udde2\ud835\udde5\ud835\uddd4: 15:00<\/p>\n","protected":false},"excerpt":{"rendered":"<p>El Gad Municipal de Pelileo comprometido en mejorar el desarrollo&hellip; <\/p>\n","protected":false},"author":1,"featured_media":2615,"comment_status":"closed","ping_status":"closed","sticky":false,"template":"","format":"standard","meta":{"footnotes":""},"categories":[9],"tags":[],"class_list":["post-2614","post","type-post","status-publish","format-standard","has-post-thumbnail","hentry","category-slider"],"_links":{"self":[{"href":"https:\/\/pelileo.gob.ec\/v3\/wp-json\/wp\/v2\/posts\/2614","targetHints":{"allow":["GET"]}}],"collection":[{"href":"https:\/\/pelileo.gob.ec\/v3\/wp-json\/wp\/v2\/posts"}],"about":[{"href":"https:\/\/pelileo.gob.ec\/v3\/wp-json\/wp\/v2\/types\/post"}],"author":[{"embeddable":true,"href":"https:\/\/pelileo.gob.ec\/v3\/wp-json\/wp\/v2\/users\/1"}],"replies":[{"embeddable":true,"href":"https:\/\/pelileo.gob.ec\/v3\/wp-json\/wp\/v2\/comments?post=2614"}],"version-history":[{"count":1,"href":"https:\/\/pelileo.gob.ec\/v3\/wp-json\/wp\/v2\/posts\/2614\/revisions"}],"predecessor-version":[{"id":2616,"href":"https:\/\/pelileo.gob.ec\/v3\/wp-json\/wp\/v2\/posts\/2614\/revisions\/2616"}],"wp:featuredmedia":[{"embeddable":true,"href":"https:\/\/pelileo.gob.ec\/v3\/wp-json\/wp\/v2\/media\/2615"}],"wp:attachment":[{"href":"https:\/\/pelileo.gob.ec\/v3\/wp-json\/wp\/v2\/media?parent=2614"}],"wp:term":[{"taxonomy":"category","embeddable":true,"href":"https:\/\/pelileo.gob.ec\/v3\/wp-json\/wp\/v2\/categories?post=2614"},{"taxonomy":"post_tag","embeddable":true,"href":"https:\/\/pelileo.gob.ec\/v3\/wp-json\/wp\/v2\/tags?post=2614"}],"curies":[{"name":"wp","href":"https:\/\/api.w.org\/{rel}","templated":true}]}}