{"id":2623,"date":"2023-08-09T09:11:24","date_gmt":"2023-08-09T14:11:24","guid":{"rendered":"https:\/\/pelileo.gob.ec\/portal\/?p=2623"},"modified":"2023-08-09T09:11:24","modified_gmt":"2023-08-09T14:11:24","slug":"%f0%9d%95%b7%f0%9d%96%86-%f0%9d%96%92%f0%9d%96%8a%f0%9d%96%92%f0%9d%96%94%f0%9d%96%97%f0%9d%96%8e%f0%9d%96%86-%f0%9d%96%8d%f0%9d%96%8e%f0%9d%96%98%f0%9d%96%99%f0%9d%96%94%f0%9d%96%97%f0%9d%96%8e","status":"publish","type":"post","link":"https:\/\/pelileo.gob.ec\/v3\/%f0%9d%95%b7%f0%9d%96%86-%f0%9d%96%92%f0%9d%96%8a%f0%9d%96%92%f0%9d%96%94%f0%9d%96%97%f0%9d%96%8e%f0%9d%96%86-%f0%9d%96%8d%f0%9d%96%8e%f0%9d%96%98%f0%9d%96%99%f0%9d%96%94%f0%9d%96%97%f0%9d%96%8e\/","title":{"rendered":"\ud835\udd77\ud835\udd86 \ud835\udd92\ud835\udd8a\ud835\udd92\ud835\udd94\ud835\udd97\ud835\udd8e\ud835\udd86 \ud835\udd8d\ud835\udd8e\ud835\udd98\ud835\udd99\ud835\udd94\u0301\ud835\udd97\ud835\udd8e\ud835\udd88\ud835\udd86 \ud835\udd98\ud835\udd8a \ud835\udd92\ud835\udd86\ud835\udd93\ud835\udd99\ud835\udd8e\ud835\udd8a\ud835\udd93\ud835\udd8a \ud835\udd9b\ud835\udd8e\ud835\udd9b\ud835\udd86"},"content":{"rendered":"\n<p>La nostalgia y fortaleza afloraron durante la recordaci\u00f3n de los 74 a\u00f1os del fat\u00eddico terremoto del 5 de agosto de 1949, hecho que cambi\u00f3 para siempre la historia de nuestro cant\u00f3n.<img decoding=\"async\" height=\"16\" width=\"16\" alt=\"\ud83c\udded\ud83c\uddfa\" src=\"https:\/\/static.xx.fbcdn.net\/images\/emoji.php\/v9\/tb9\/1.5\/16\/1f1ed_1f1fa.png\"><\/p>\n\n\n\n<p>Momentos emotivos se vivieron durante la celebraci\u00f3n eucar\u00edstica en memoria de las v\u00edctimas, a quienes se les rindi\u00f3 homenaje con la colocaci\u00f3n de una ofrenda floral. Posteriormente las manifestaciones culturales de <a><\/a>danza y m\u00fasica fortalecieron el esp\u00edritu y hermandad de nuestros ciudadanos.<\/p>\n","protected":false},"excerpt":{"rendered":"<p>La nostalgia y fortaleza afloraron durante la recordaci\u00f3n de los&hellip; <\/p>\n","protected":false},"author":1,"featured_media":2624,"comment_status":"closed","ping_status":"closed","sticky":false,"template":"","format":"standard","meta":{"footnotes":""},"categories":[9],"tags":[],"class_list":["post-2623","post","type-post","status-publish","format-standard","has-post-thumbnail","hentry","category-slider"],"_links":{"self":[{"href":"https:\/\/pelileo.gob.ec\/v3\/wp-json\/wp\/v2\/posts\/2623","targetHints":{"allow":["GET"]}}],"collection":[{"href":"https:\/\/pelileo.gob.ec\/v3\/wp-json\/wp\/v2\/posts"}],"about":[{"href":"https:\/\/pelileo.gob.ec\/v3\/wp-json\/wp\/v2\/types\/post"}],"author":[{"embeddable":true,"href":"https:\/\/pelileo.gob.ec\/v3\/wp-json\/wp\/v2\/users\/1"}],"replies":[{"embeddable":true,"href":"https:\/\/pelileo.gob.ec\/v3\/wp-json\/wp\/v2\/comments?post=2623"}],"version-history":[{"count":1,"href":"https:\/\/pelileo.gob.ec\/v3\/wp-json\/wp\/v2\/posts\/2623\/revisions"}],"predecessor-version":[{"id":2625,"href":"https:\/\/pelileo.gob.ec\/v3\/wp-json\/wp\/v2\/posts\/2623\/revisions\/2625"}],"wp:featuredmedia":[{"embeddable":true,"href":"https:\/\/pelileo.gob.ec\/v3\/wp-json\/wp\/v2\/media\/2624"}],"wp:attachment":[{"href":"https:\/\/pelileo.gob.ec\/v3\/wp-json\/wp\/v2\/media?parent=2623"}],"wp:term":[{"taxonomy":"category","embeddable":true,"href":"https:\/\/pelileo.gob.ec\/v3\/wp-json\/wp\/v2\/categories?post=2623"},{"taxonomy":"post_tag","embeddable":true,"href":"https:\/\/pelileo.gob.ec\/v3\/wp-json\/wp\/v2\/tags?post=2623"}],"curies":[{"name":"wp","href":"https:\/\/api.w.org\/{rel}","templated":true}]}}