{"id":2627,"date":"2023-08-14T09:14:52","date_gmt":"2023-08-14T14:14:52","guid":{"rendered":"https:\/\/pelileo.gob.ec\/portal\/?p=2627"},"modified":"2023-08-14T09:14:52","modified_gmt":"2023-08-14T14:14:52","slug":"exitosa-clausura-de-los-cursos-vacacionales","status":"publish","type":"post","link":"https:\/\/pelileo.gob.ec\/v3\/exitosa-clausura-de-los-cursos-vacacionales\/","title":{"rendered":"\u00a1Exitosa Clausura de los Cursos Vacacionales!"},"content":{"rendered":"\n<p>La emoci\u00f3n y la alegr\u00eda llenaron el ambiente en San Pedro de Pelileo, ya que la Direcci\u00f3n de Servicios P\u00fablicos, a trav\u00e9s de la Unidad de Deportes del Gobierno Municipal de Pelileo, culmin\u00f3 con gran \u00e9xito un mes lleno de actividades deportivas y recreativas en los ya tradicionales cursos vacacionales como f\u00fatbol, nataci\u00f3n, gimnasia r\u00edtmica, ritmos latinos, danza y b\u00e1squet.<\/p>\n\n\n\n<p>Cerca de 1200 ni\u00f1os y j\u00f3venes provenientes tanto <a><\/a>del centro de Pelileo como de las parroquias y comunidades del cant\u00f3n, fueron part\u00edcipes de este emocionante evento.<\/p>\n\n\n\n<p>El Alcalde Dr. Gabriel Zu\u00f1iga, tras felicitar a los padres de familia por aprovechar la temporada vacacional en actividades deportivas y recreativas, dio por clausurado los cursos vacacionales 2023.<\/p>\n","protected":false},"excerpt":{"rendered":"<p>La emoci\u00f3n y la alegr\u00eda llenaron el ambiente en San&hellip; <\/p>\n","protected":false},"author":1,"featured_media":2628,"comment_status":"closed","ping_status":"closed","sticky":false,"template":"","format":"standard","meta":{"footnotes":""},"categories":[9],"tags":[],"class_list":["post-2627","post","type-post","status-publish","format-standard","has-post-thumbnail","hentry","category-slider"],"_links":{"self":[{"href":"https:\/\/pelileo.gob.ec\/v3\/wp-json\/wp\/v2\/posts\/2627","targetHints":{"allow":["GET"]}}],"collection":[{"href":"https:\/\/pelileo.gob.ec\/v3\/wp-json\/wp\/v2\/posts"}],"about":[{"href":"https:\/\/pelileo.gob.ec\/v3\/wp-json\/wp\/v2\/types\/post"}],"author":[{"embeddable":true,"href":"https:\/\/pelileo.gob.ec\/v3\/wp-json\/wp\/v2\/users\/1"}],"replies":[{"embeddable":true,"href":"https:\/\/pelileo.gob.ec\/v3\/wp-json\/wp\/v2\/comments?post=2627"}],"version-history":[{"count":1,"href":"https:\/\/pelileo.gob.ec\/v3\/wp-json\/wp\/v2\/posts\/2627\/revisions"}],"predecessor-version":[{"id":2629,"href":"https:\/\/pelileo.gob.ec\/v3\/wp-json\/wp\/v2\/posts\/2627\/revisions\/2629"}],"wp:featuredmedia":[{"embeddable":true,"href":"https:\/\/pelileo.gob.ec\/v3\/wp-json\/wp\/v2\/media\/2628"}],"wp:attachment":[{"href":"https:\/\/pelileo.gob.ec\/v3\/wp-json\/wp\/v2\/media?parent=2627"}],"wp:term":[{"taxonomy":"category","embeddable":true,"href":"https:\/\/pelileo.gob.ec\/v3\/wp-json\/wp\/v2\/categories?post=2627"},{"taxonomy":"post_tag","embeddable":true,"href":"https:\/\/pelileo.gob.ec\/v3\/wp-json\/wp\/v2\/tags?post=2627"}],"curies":[{"name":"wp","href":"https:\/\/api.w.org\/{rel}","templated":true}]}}