{"id":2646,"date":"2023-08-18T08:49:10","date_gmt":"2023-08-18T13:49:10","guid":{"rendered":"https:\/\/pelileo.gob.ec\/portal\/?p=2646"},"modified":"2023-08-18T08:49:10","modified_gmt":"2023-08-18T13:49:10","slug":"%f0%9d%91%b7%f0%9d%92%86%f0%9d%92%8d%f0%9d%92%8a%f0%9d%92%8d%f0%9d%92%86%f0%9d%92%90-%f0%9d%92%87%f0%9d%92%96%f0%9d%92%86-%f0%9d%92%94%f0%9d%92%86%f0%9d%92%85%f0%9d%92%86-%f0%9d%92%85%f0%9d%92%86","status":"publish","type":"post","link":"https:\/\/pelileo.gob.ec\/v3\/%f0%9d%91%b7%f0%9d%92%86%f0%9d%92%8d%f0%9d%92%8a%f0%9d%92%8d%f0%9d%92%86%f0%9d%92%90-%f0%9d%92%87%f0%9d%92%96%f0%9d%92%86-%f0%9d%92%94%f0%9d%92%86%f0%9d%92%85%f0%9d%92%86-%f0%9d%92%85%f0%9d%92%86\/","title":{"rendered":"\ud835\udc77\ud835\udc86\ud835\udc8d\ud835\udc8a\ud835\udc8d\ud835\udc86\ud835\udc90 \ud835\udc87\ud835\udc96\ud835\udc86 \ud835\udc94\ud835\udc86\ud835\udc85\ud835\udc86 \ud835\udc85\ud835\udc86 \ud835\udc87\ud835\udc8a\ud835\udc93\ud835\udc8e\ud835\udc82 \ud835\udc85\ud835\udc86 \ud835\udc84\ud835\udc90\ud835\udc8f\ud835\udc97\ud835\udc86\ud835\udc8f\ud835\udc8a\ud835\udc90\ud835\udc94 \ud835\udc84\ud835\udc90\ud835\udc8f \ud835\udc8d\ud835\udc82 \ud835\udc68\ud835\udc74\ud835\udc6c"},"content":{"rendered":"\n<p>En la municipalidad de Pelileo, el Alcalde Dr. Gabriel Z\u00fa\u00f1iga suscribi\u00f3 una carta compromiso con la Asociaci\u00f3n de Municipalidades Ecuatorianas (\ud835\udc68\ud835\udc74\ud835\udc6c) con el objetivo de generar acciones coordinadas de cooperaci\u00f3n interinstitucional encaminadas a contar con una actualizaci\u00f3n del catastro urbano de Pelileo, en beneficio de la ciudadan\u00eda y el mejoramiento del cant\u00f3n. <img decoding=\"async\" height=\"16\" width=\"16\" alt=\"\ud83c\udded\ud83c\uddfa\" src=\"https:\/\/static.xx.fbcdn.net\/images\/emoji.php\/v9\/t20\/1\/16\/1f1ed_1f1fa.png\"><\/p>\n\n\n\n<p>De esta <a><\/a>actividad tambi\u00e9n participaron Alcaldes de los cantones de Tungurahua y la Regional 3, quienes llegaron a nuestro cant\u00f3n para fortalecer los lazos de amistad y promover el progreso de los gobiernos locales y el bienestar ciudadano.<\/p>\n","protected":false},"excerpt":{"rendered":"<p>En la municipalidad de Pelileo, el Alcalde Dr. Gabriel Z\u00fa\u00f1iga&hellip; <\/p>\n","protected":false},"author":1,"featured_media":2647,"comment_status":"closed","ping_status":"closed","sticky":false,"template":"","format":"standard","meta":{"footnotes":""},"categories":[9],"tags":[],"class_list":["post-2646","post","type-post","status-publish","format-standard","has-post-thumbnail","hentry","category-slider"],"_links":{"self":[{"href":"https:\/\/pelileo.gob.ec\/v3\/wp-json\/wp\/v2\/posts\/2646","targetHints":{"allow":["GET"]}}],"collection":[{"href":"https:\/\/pelileo.gob.ec\/v3\/wp-json\/wp\/v2\/posts"}],"about":[{"href":"https:\/\/pelileo.gob.ec\/v3\/wp-json\/wp\/v2\/types\/post"}],"author":[{"embeddable":true,"href":"https:\/\/pelileo.gob.ec\/v3\/wp-json\/wp\/v2\/users\/1"}],"replies":[{"embeddable":true,"href":"https:\/\/pelileo.gob.ec\/v3\/wp-json\/wp\/v2\/comments?post=2646"}],"version-history":[{"count":1,"href":"https:\/\/pelileo.gob.ec\/v3\/wp-json\/wp\/v2\/posts\/2646\/revisions"}],"predecessor-version":[{"id":2648,"href":"https:\/\/pelileo.gob.ec\/v3\/wp-json\/wp\/v2\/posts\/2646\/revisions\/2648"}],"wp:featuredmedia":[{"embeddable":true,"href":"https:\/\/pelileo.gob.ec\/v3\/wp-json\/wp\/v2\/media\/2647"}],"wp:attachment":[{"href":"https:\/\/pelileo.gob.ec\/v3\/wp-json\/wp\/v2\/media?parent=2646"}],"wp:term":[{"taxonomy":"category","embeddable":true,"href":"https:\/\/pelileo.gob.ec\/v3\/wp-json\/wp\/v2\/categories?post=2646"},{"taxonomy":"post_tag","embeddable":true,"href":"https:\/\/pelileo.gob.ec\/v3\/wp-json\/wp\/v2\/tags?post=2646"}],"curies":[{"name":"wp","href":"https:\/\/api.w.org\/{rel}","templated":true}]}}