{"id":2653,"date":"2023-08-25T10:02:24","date_gmt":"2023-08-25T15:02:24","guid":{"rendered":"https:\/\/pelileo.gob.ec\/portal\/?p=2653"},"modified":"2023-08-25T10:02:24","modified_gmt":"2023-08-25T15:02:24","slug":"%f0%9d%91%a8%f0%9d%92%8d%f0%9d%92%84%f0%9d%92%82%f0%9d%92%8d%f0%9d%92%85%f0%9d%92%86-%f0%9d%92%94%f0%9d%92%96%f0%9d%92%94%f0%9d%92%84%f0%9d%92%93%f0%9d%92%8a%f0%9d%92%83%f0%9d%92%86-%f0%9d%92%84","status":"publish","type":"post","link":"https:\/\/pelileo.gob.ec\/v3\/%f0%9d%91%a8%f0%9d%92%8d%f0%9d%92%84%f0%9d%92%82%f0%9d%92%8d%f0%9d%92%85%f0%9d%92%86-%f0%9d%92%94%f0%9d%92%96%f0%9d%92%94%f0%9d%92%84%f0%9d%92%93%f0%9d%92%8a%f0%9d%92%83%f0%9d%92%86-%f0%9d%92%84\/","title":{"rendered":"\ud835\udc68\ud835\udc8d\ud835\udc84\ud835\udc82\ud835\udc8d\ud835\udc85\ud835\udc86 \ud835\udc94\ud835\udc96\ud835\udc94\ud835\udc84\ud835\udc93\ud835\udc8a\ud835\udc83\ud835\udc86 \ud835\udc84\ud835\udc90\ud835\udc8f\ud835\udc97\ud835\udc86\ud835\udc8f\ud835\udc8a\ud835\udc90 \ud835\udc91\ud835\udc82\ud835\udc93\ud835\udc82 \ud835\udc82\ud835\udc91\ud835\udc90\ud835\udc9a\ud835\udc90 \ud835\udc82\ud835\udc88\ud835\udc93\u00ed\ud835\udc84\ud835\udc90\ud835\udc8d\ud835\udc82."},"content":{"rendered":"\n<p>Para fortalecer el trabajo de los productores agr\u00edcolas de nuestro cant\u00f3n, el GAD municipal que lidera el Alcalde Dr. Gabriel Z\u00fa\u00f1iga suscribi\u00f3 un convenio de trabajo conjunto con la Fundaci\u00f3n <a href=\"https:\/\/www.facebook.com\/hashtag\/acra?__eep__=6&amp;__cft__[0]=AZUf1O5FNjhNGS7myy-fgx-YVM3guv5KLRHpPDD70-PoBKtDnT7DD1NrXH-7fqpr5KF63ASYvb2W2Yf8NoVVVff1lTTMXB6b9YtQVXrY9Dytk05qoDa7VuyOm8vxINnssM6BR3y8Jf6sJsg4JwJrsgH9fz5YcTcwLxg8gZfS30_DbVgATTpdi7eNSgAqDd0Hv1I&amp;__tn__=*NK-R\">#ACRA<\/a> de Italia, que beneficiar\u00e1 a cerca de 600 agricultores de las parroquias El Rosario, Chiquicha y Garc\u00eda Moreno. <img decoding=\"async\" height=\"16\" width=\"16\" alt=\"\ud83e\udd19\" src=\"https:\/\/static.xx.fbcdn.net\/images\/emoji.php\/v9\/tb9\/1\/16\/1f919.png\"><\/p>\n\n\n\n<p>Como parte de este convenio, nuestros productores reciben abono org\u00e1nico <a><\/a>para sus huertas; adem\u00e1s son parte de un proceso de capacitaci\u00f3n sobre agricultura org\u00e1nica, elaboraci\u00f3n de bioles y balanceados para especies menores; posteriormente recibir\u00e1n plantas y herramientas.<\/p>\n","protected":false},"excerpt":{"rendered":"<p>Para fortalecer el trabajo de los productores agr\u00edcolas de nuestro&hellip; <\/p>\n","protected":false},"author":1,"featured_media":2654,"comment_status":"closed","ping_status":"closed","sticky":false,"template":"","format":"standard","meta":{"footnotes":""},"categories":[9],"tags":[],"class_list":["post-2653","post","type-post","status-publish","format-standard","has-post-thumbnail","hentry","category-slider"],"_links":{"self":[{"href":"https:\/\/pelileo.gob.ec\/v3\/wp-json\/wp\/v2\/posts\/2653","targetHints":{"allow":["GET"]}}],"collection":[{"href":"https:\/\/pelileo.gob.ec\/v3\/wp-json\/wp\/v2\/posts"}],"about":[{"href":"https:\/\/pelileo.gob.ec\/v3\/wp-json\/wp\/v2\/types\/post"}],"author":[{"embeddable":true,"href":"https:\/\/pelileo.gob.ec\/v3\/wp-json\/wp\/v2\/users\/1"}],"replies":[{"embeddable":true,"href":"https:\/\/pelileo.gob.ec\/v3\/wp-json\/wp\/v2\/comments?post=2653"}],"version-history":[{"count":1,"href":"https:\/\/pelileo.gob.ec\/v3\/wp-json\/wp\/v2\/posts\/2653\/revisions"}],"predecessor-version":[{"id":2655,"href":"https:\/\/pelileo.gob.ec\/v3\/wp-json\/wp\/v2\/posts\/2653\/revisions\/2655"}],"wp:featuredmedia":[{"embeddable":true,"href":"https:\/\/pelileo.gob.ec\/v3\/wp-json\/wp\/v2\/media\/2654"}],"wp:attachment":[{"href":"https:\/\/pelileo.gob.ec\/v3\/wp-json\/wp\/v2\/media?parent=2653"}],"wp:term":[{"taxonomy":"category","embeddable":true,"href":"https:\/\/pelileo.gob.ec\/v3\/wp-json\/wp\/v2\/categories?post=2653"},{"taxonomy":"post_tag","embeddable":true,"href":"https:\/\/pelileo.gob.ec\/v3\/wp-json\/wp\/v2\/tags?post=2653"}],"curies":[{"name":"wp","href":"https:\/\/api.w.org\/{rel}","templated":true}]}}