{"id":2656,"date":"2023-08-25T10:04:46","date_gmt":"2023-08-25T15:04:46","guid":{"rendered":"https:\/\/pelileo.gob.ec\/portal\/?p=2656"},"modified":"2023-08-25T10:04:46","modified_gmt":"2023-08-25T15:04:46","slug":"%f0%9d%97%94%f0%9d%97%b9%f0%9d%97%b0%f0%9d%97%ae%f0%9d%97%b9%f0%9d%97%b1%f0%9d%97%b2-%f0%9d%97%b4%f0%9d%97%b2%f0%9d%98%80%f0%9d%98%81%f0%9d%97%b6%f0%9d%97%bc%f0%9d%97%bb%f0%9d%97%ae-%f0%9d%97%bf","status":"publish","type":"post","link":"https:\/\/pelileo.gob.ec\/v3\/%f0%9d%97%94%f0%9d%97%b9%f0%9d%97%b0%f0%9d%97%ae%f0%9d%97%b9%f0%9d%97%b1%f0%9d%97%b2-%f0%9d%97%b4%f0%9d%97%b2%f0%9d%98%80%f0%9d%98%81%f0%9d%97%b6%f0%9d%97%bc%f0%9d%97%bb%f0%9d%97%ae-%f0%9d%97%bf\/","title":{"rendered":"\ud835\uddd4\ud835\uddf9\ud835\uddf0\ud835\uddee\ud835\uddf9\ud835\uddf1\ud835\uddf2 \ud835\uddf4\ud835\uddf2\ud835\ude00\ud835\ude01\ud835\uddf6\ud835\uddfc\ud835\uddfb\ud835\uddee \ud835\uddff\ud835\uddf2\ud835\uddf0\ud835\ude02\ud835\uddff\ud835\ude00\ud835\uddfc\ud835\ude00 \ud835\uddf2\ud835\uddfb \ud835\uddd6\ud835\uddfc\ud835\uddfb\ud835\ude03\ud835\uddf2\ud835\uddfb\ud835\uddf0\ud835\uddf6\u00f3\ud835\uddfb \ud835\uddf1\ud835\uddf2\ud835\uddf9 \ud835\udde3\ud835\uddee\ud835\uddff\ud835\uddf9\ud835\uddee\ud835\uddfa\ud835\uddf2\ud835\uddfb\ud835\ude01\ud835\uddfc \ud835\uddd4\ud835\uddfb\ud835\uddf1\ud835\uddf6\ud835\uddfb\ud835\uddfc \ud835\uddf2\ud835\uddfb \ud835\uddd5\ud835\uddfc\ud835\uddf4\ud835\uddfc\ud835\ude01\u00e1"},"content":{"rendered":"\n<p>En la Gobernaci\u00f3n de Cundinamarca (Bogot\u00e1), nuestro Alcalde Dr. Gabriel Z\u00fa\u00f1iga participa en el \ud835\udde3\ud835\uddff\ud835\uddf6\ud835\uddfa\ud835\uddf2\ud835\uddff \ud835\uddf2\ud835\uddfb\ud835\uddf0\ud835\ude02\ud835\uddf2\ud835\uddfb\ud835\ude01\ud835\uddff\ud835\uddfc \ud835\uddd4\ud835\uddfb\ud835\uddf1\ud835\uddf6\ud835\uddfb\ud835\uddfc \ud835\uddf1\ud835\uddf2 \ud835\uddd4\ud835\ude02\ud835\ude01\ud835\uddfc\ud835\uddff\ud835\uddf6\ud835\uddf1\ud835\uddee\ud835\uddf1\ud835\uddf2\ud835\ude00 \ud835\udde7\ud835\uddf2\ud835\uddff\ud835\uddff\ud835\uddf6\ud835\ude01\ud835\uddfc\ud835\uddff\ud835\uddf6\ud835\uddee\ud835\uddf9\ud835\uddf2\ud835\ude00, espacio que re\u00fane a importantes autoridades y expertos internacionales que comparten sus experiencias exitosas, a fin de ser aplicadas en <a><\/a>territorio para bienestar de la ciudadan\u00eda.<\/p>\n\n\n\n<p>En su intervenci\u00f3n, el Alcalde de <a href=\"https:\/\/www.facebook.com\/hashtag\/pelileo?__eep__=6&amp;__cft__[0]=AZVsWTglHna_O30iyLj4A7GbNV1gPVHkE2vZ3g2B_1EdH0oB1LUBQOf2lz0lt9D_NIy5dDa8Un3OqQwlyFRMUnbiqqapokX-an3hm_JUMKW1ZdGv4sm0tntOj-Oe54bLx2qyMUHY0OL5zWFkflNfeOc6fcib87asOww6gHW8F5vX_1qPVVlwEegJxwyMLfxQYy0&amp;__tn__=*NK-R\">#Pelileo<\/a> destac\u00f3 que solamente el trabajo conjunto permitir\u00e1 afrontar adecuadamente los desaf\u00edos sociales, econ\u00f3micos, ambientales y pol\u00edticos a trav\u00e9s de la cooperaci\u00f3n de todos; por ello, nuestra autoridad realiza acercamientos encaminados a generar recursos para financiar proyectos que beneficien al cant\u00f3n.<\/p>\n","protected":false},"excerpt":{"rendered":"<p>En la Gobernaci\u00f3n de Cundinamarca (Bogot\u00e1), nuestro Alcalde Dr. Gabriel&hellip; <\/p>\n","protected":false},"author":1,"featured_media":2657,"comment_status":"closed","ping_status":"closed","sticky":false,"template":"","format":"standard","meta":{"footnotes":""},"categories":[9],"tags":[],"class_list":["post-2656","post","type-post","status-publish","format-standard","has-post-thumbnail","hentry","category-slider"],"_links":{"self":[{"href":"https:\/\/pelileo.gob.ec\/v3\/wp-json\/wp\/v2\/posts\/2656","targetHints":{"allow":["GET"]}}],"collection":[{"href":"https:\/\/pelileo.gob.ec\/v3\/wp-json\/wp\/v2\/posts"}],"about":[{"href":"https:\/\/pelileo.gob.ec\/v3\/wp-json\/wp\/v2\/types\/post"}],"author":[{"embeddable":true,"href":"https:\/\/pelileo.gob.ec\/v3\/wp-json\/wp\/v2\/users\/1"}],"replies":[{"embeddable":true,"href":"https:\/\/pelileo.gob.ec\/v3\/wp-json\/wp\/v2\/comments?post=2656"}],"version-history":[{"count":1,"href":"https:\/\/pelileo.gob.ec\/v3\/wp-json\/wp\/v2\/posts\/2656\/revisions"}],"predecessor-version":[{"id":2658,"href":"https:\/\/pelileo.gob.ec\/v3\/wp-json\/wp\/v2\/posts\/2656\/revisions\/2658"}],"wp:featuredmedia":[{"embeddable":true,"href":"https:\/\/pelileo.gob.ec\/v3\/wp-json\/wp\/v2\/media\/2657"}],"wp:attachment":[{"href":"https:\/\/pelileo.gob.ec\/v3\/wp-json\/wp\/v2\/media?parent=2656"}],"wp:term":[{"taxonomy":"category","embeddable":true,"href":"https:\/\/pelileo.gob.ec\/v3\/wp-json\/wp\/v2\/categories?post=2656"},{"taxonomy":"post_tag","embeddable":true,"href":"https:\/\/pelileo.gob.ec\/v3\/wp-json\/wp\/v2\/tags?post=2656"}],"curies":[{"name":"wp","href":"https:\/\/api.w.org\/{rel}","templated":true}]}}