{"id":2671,"date":"2023-09-04T14:43:19","date_gmt":"2023-09-04T19:43:19","guid":{"rendered":"https:\/\/pelileo.gob.ec\/portal\/?p=2671"},"modified":"2023-09-04T14:43:19","modified_gmt":"2023-09-04T19:43:19","slug":"%f0%9d%99%90%f0%9d%99%a3%f0%9d%99%96-%f0%9d%99%abi%f0%9d%99%96-%f0%9d%99%a6%f0%9d%99%aa%f0%9d%99%9a-%f0%9d%99%9c%f0%9d%99%9a%f0%9d%99%a3%f0%9d%99%9a%f0%9d%99%a7%f0%9d%99%96-%f0%9d%99%a5%f0%9d%99%a7","status":"publish","type":"post","link":"https:\/\/pelileo.gob.ec\/v3\/%f0%9d%99%90%f0%9d%99%a3%f0%9d%99%96-%f0%9d%99%abi%f0%9d%99%96-%f0%9d%99%a6%f0%9d%99%aa%f0%9d%99%9a-%f0%9d%99%9c%f0%9d%99%9a%f0%9d%99%a3%f0%9d%99%9a%f0%9d%99%a7%f0%9d%99%96-%f0%9d%99%a5%f0%9d%99%a7\/","title":{"rendered":"\ud835\ude50\ud835\ude63\ud835\ude56 \ud835\ude6b\u00ed\ud835\ude56 \ud835\ude66\ud835\ude6a\ud835\ude5a \ud835\ude5c\ud835\ude5a\ud835\ude63\ud835\ude5a\ud835\ude67\ud835\ude56 \ud835\ude65\ud835\ude67\ud835\ude64\ud835\ude5c\ud835\ude67\ud835\ude5a\ud835\ude68\ud835\ude64"},"content":{"rendered":"\n<p>En medio de la alegr\u00eda de los moradores de la comunidad Condorahua, de la parroquia El Rosario; el Alcalde Dr. Gabriel Z\u00fa\u00f1iga junto al equipo t\u00e9cnico de la municipalidad y dirigentes del Gobierno parroquial recorrieron los trabajos de apertura de la v\u00eda que une <a href=\"https:\/\/www.facebook.com\/hashtag\/condorahua?__eep__=6&amp;__cft__[0]=AZX4FbfMt2cZuABIcGgtsyErLMmN3_UiaWbvOyjrknsnYAaSCSV6t4wxhzHm24m1kzcdooQIOWv_1_9-lRbvh6G0XMOe9XaxTyY4mjj5ybVtDvAmowFz3NGDz_SoUo1x4hOOHhmtRcnKyF28cIpvlULymmAI2-Me9zgkj3F96YlQlAqQYZI5WWX1eGj6FwYW_U4&amp;__tn__=*NK-R\">#Condorahua<\/a> con el sector conocido como Las Playas.<\/p>\n\n\n\n<p>Este trabajo, permitir\u00e1 que los agricultores de la zona puedan trasladar sus productos con mayor <a><\/a>facilidad hacia los mercados locales y adem\u00e1s se genere un espacio apropiado para fomentar el turismo, ya que la carretera atraviesa por zonas de incomparable belleza.<\/p>\n","protected":false},"excerpt":{"rendered":"<p>En medio de la alegr\u00eda de los moradores de la&hellip; <\/p>\n","protected":false},"author":1,"featured_media":2672,"comment_status":"closed","ping_status":"closed","sticky":false,"template":"","format":"standard","meta":{"footnotes":""},"categories":[9],"tags":[],"class_list":["post-2671","post","type-post","status-publish","format-standard","has-post-thumbnail","hentry","category-slider"],"_links":{"self":[{"href":"https:\/\/pelileo.gob.ec\/v3\/wp-json\/wp\/v2\/posts\/2671","targetHints":{"allow":["GET"]}}],"collection":[{"href":"https:\/\/pelileo.gob.ec\/v3\/wp-json\/wp\/v2\/posts"}],"about":[{"href":"https:\/\/pelileo.gob.ec\/v3\/wp-json\/wp\/v2\/types\/post"}],"author":[{"embeddable":true,"href":"https:\/\/pelileo.gob.ec\/v3\/wp-json\/wp\/v2\/users\/1"}],"replies":[{"embeddable":true,"href":"https:\/\/pelileo.gob.ec\/v3\/wp-json\/wp\/v2\/comments?post=2671"}],"version-history":[{"count":1,"href":"https:\/\/pelileo.gob.ec\/v3\/wp-json\/wp\/v2\/posts\/2671\/revisions"}],"predecessor-version":[{"id":2673,"href":"https:\/\/pelileo.gob.ec\/v3\/wp-json\/wp\/v2\/posts\/2671\/revisions\/2673"}],"wp:featuredmedia":[{"embeddable":true,"href":"https:\/\/pelileo.gob.ec\/v3\/wp-json\/wp\/v2\/media\/2672"}],"wp:attachment":[{"href":"https:\/\/pelileo.gob.ec\/v3\/wp-json\/wp\/v2\/media?parent=2671"}],"wp:term":[{"taxonomy":"category","embeddable":true,"href":"https:\/\/pelileo.gob.ec\/v3\/wp-json\/wp\/v2\/categories?post=2671"},{"taxonomy":"post_tag","embeddable":true,"href":"https:\/\/pelileo.gob.ec\/v3\/wp-json\/wp\/v2\/tags?post=2671"}],"curies":[{"name":"wp","href":"https:\/\/api.w.org\/{rel}","templated":true}]}}