{"id":2677,"date":"2023-09-11T09:38:55","date_gmt":"2023-09-11T14:38:55","guid":{"rendered":"https:\/\/pelileo.gob.ec\/portal\/?p=2677"},"modified":"2023-09-11T09:38:55","modified_gmt":"2023-09-11T14:38:55","slug":"%f0%9d%97%96%f0%9d%97%bc%f0%9d%97%ba%f0%9d%97%b2%f0%9d%97%bf%f0%9d%97%b0%f0%9d%97%b6%f0%9d%97%ae%f0%9d%97%bb%f0%9d%98%81%f0%9d%97%b2%f0%9d%98%80-%f0%9d%97%b3%f0%9d%97%bc%f0%9d%97%bf%f0%9d%98%81","status":"publish","type":"post","link":"https:\/\/pelileo.gob.ec\/v3\/%f0%9d%97%96%f0%9d%97%bc%f0%9d%97%ba%f0%9d%97%b2%f0%9d%97%bf%f0%9d%97%b0%f0%9d%97%b6%f0%9d%97%ae%f0%9d%97%bb%f0%9d%98%81%f0%9d%97%b2%f0%9d%98%80-%f0%9d%97%b3%f0%9d%97%bc%f0%9d%97%bf%f0%9d%98%81\/","title":{"rendered":"\ud835\uddd6\ud835\uddfc\ud835\uddfa\ud835\uddf2\ud835\uddff\ud835\uddf0\ud835\uddf6\ud835\uddee\ud835\uddfb\ud835\ude01\ud835\uddf2\ud835\ude00 \ud835\uddf3\ud835\uddfc\ud835\uddff\ud835\ude01\ud835\uddee\ud835\uddf9\ud835\uddf2\ud835\uddf0\ud835\uddf2\ud835\uddfb \ud835\uddf0\ud835\uddfc\ud835\uddfb\ud835\uddfc\ud835\uddf0\ud835\uddf6\ud835\uddfa\ud835\uddf6\ud835\uddf2\ud835\uddfb\ud835\ude01\ud835\uddfc\ud835\ude00 \ud835\uddf4\ud835\uddee\ud835\ude00\ud835\ude01\ud835\uddff\ud835\uddfc\ud835\uddfb\u00f3\ud835\uddfa\ud835\uddf6\ud835\uddf0\ud835\uddfc\ud835\ude00"},"content":{"rendered":"\n<p>M\u00e1s de 50 comerciantes del mercado Rep\u00fablica de Argentina y la Plaza 10 de agosto pertenecientes a los giros de negocio de \u00ab\ud835\uddfd\ud835\uddff\ud835\uddfc\ud835\uddf1\ud835\ude02\ud835\uddf0\ud835\ude01\ud835\uddfc\ud835\ude00 \ud835\uddee\ud835\uddf9\ud835\uddf6\ud835\uddfa\ud835\uddf2\ud835\uddfb\ud835\ude01\ud835\uddf6\ud835\uddf0\ud835\uddf6\ud835\uddfc\ud835\ude00 \ud835\uddfd\ud835\uddff\ud835\uddf2\ud835\uddfd\ud835\uddee\ud835\uddff\ud835\uddee\ud835\uddf1\ud835\uddfc\ud835\ude00\u00bb,recibieron los certificados de aprobaci\u00f3n del taller te\u00f3rico-pr\u00e1ctico sobre gastronom\u00eda, impartido por la Universidad <a href=\"https:\/\/www.facebook.com\/hashtag\/%F0%9D%99%90%F0%9D%99%89%F0%9D%99%84%F0%9D%98%BC%F0%9D%99%89%F0%9D%98%BF%F0%9D%99%80%F0%9D%99%8E?__eep__=6&amp;__cft__[0]=AZX7TZHcLc6QA2EML_Ludq0xi_Tl4gUbrVGgjJDTKRZOln_37V2UHNo_aL-yIQFH4mdcfWHeNqY33_SUIsNZgjPTGOQuZ1JTzDZAsqcM-_2koCHGmLqQsau2S-9tr1RNCweMJDFjvfohl9Y-DEJjm3o--y0jhwe1tHDubT2UTfeaJRNiFbrGXGELxkyURZzb1r0&amp;__tn__=*NK-R\">#\ud835\ude50\ud835\ude49\ud835\ude44\ud835\ude3c\ud835\ude49\ud835\ude3f\ud835\ude40\ud835\ude4e<\/a>.<\/p>\n\n\n\n<p>Este proceso de capacitaci\u00f3n es parte del <a><\/a>proyecto de vinculaci\u00f3n interinstitucional que la municipalidad mantiene con esta instituci\u00f3n educativa, con el fin de fortalecer los conocimientos de nuestras comerciantes encaminados a mejorar la atenci\u00f3n hacia la ciudadan\u00eda.<\/p>\n","protected":false},"excerpt":{"rendered":"<p>M\u00e1s de 50 comerciantes del mercado Rep\u00fablica de Argentina y&hellip; <\/p>\n","protected":false},"author":1,"featured_media":2675,"comment_status":"closed","ping_status":"closed","sticky":false,"template":"","format":"standard","meta":{"footnotes":""},"categories":[9],"tags":[],"class_list":["post-2677","post","type-post","status-publish","format-standard","has-post-thumbnail","hentry","category-slider"],"_links":{"self":[{"href":"https:\/\/pelileo.gob.ec\/v3\/wp-json\/wp\/v2\/posts\/2677","targetHints":{"allow":["GET"]}}],"collection":[{"href":"https:\/\/pelileo.gob.ec\/v3\/wp-json\/wp\/v2\/posts"}],"about":[{"href":"https:\/\/pelileo.gob.ec\/v3\/wp-json\/wp\/v2\/types\/post"}],"author":[{"embeddable":true,"href":"https:\/\/pelileo.gob.ec\/v3\/wp-json\/wp\/v2\/users\/1"}],"replies":[{"embeddable":true,"href":"https:\/\/pelileo.gob.ec\/v3\/wp-json\/wp\/v2\/comments?post=2677"}],"version-history":[{"count":1,"href":"https:\/\/pelileo.gob.ec\/v3\/wp-json\/wp\/v2\/posts\/2677\/revisions"}],"predecessor-version":[{"id":2678,"href":"https:\/\/pelileo.gob.ec\/v3\/wp-json\/wp\/v2\/posts\/2677\/revisions\/2678"}],"wp:featuredmedia":[{"embeddable":true,"href":"https:\/\/pelileo.gob.ec\/v3\/wp-json\/wp\/v2\/media\/2675"}],"wp:attachment":[{"href":"https:\/\/pelileo.gob.ec\/v3\/wp-json\/wp\/v2\/media?parent=2677"}],"wp:term":[{"taxonomy":"category","embeddable":true,"href":"https:\/\/pelileo.gob.ec\/v3\/wp-json\/wp\/v2\/categories?post=2677"},{"taxonomy":"post_tag","embeddable":true,"href":"https:\/\/pelileo.gob.ec\/v3\/wp-json\/wp\/v2\/tags?post=2677"}],"curies":[{"name":"wp","href":"https:\/\/api.w.org\/{rel}","templated":true}]}}