{"id":2679,"date":"2023-09-11T09:41:38","date_gmt":"2023-09-11T14:41:38","guid":{"rendered":"https:\/\/pelileo.gob.ec\/portal\/?p=2679"},"modified":"2023-09-11T09:41:38","modified_gmt":"2023-09-11T14:41:38","slug":"%f0%9d%91%b9%f0%9d%92%86%f0%9d%92%84%f0%9d%92%90%f0%9d%92%93%f0%9d%92%93%f0%9d%92%8a%f0%9d%92%85%f0%9d%92%90-%f0%9d%92%91%f0%9d%92%82%f0%9d%92%93%f0%9d%92%82-%f0%9d%92%8d%f0%9d%92%82-%f0%9d%92%88","status":"publish","type":"post","link":"https:\/\/pelileo.gob.ec\/v3\/%f0%9d%91%b9%f0%9d%92%86%f0%9d%92%84%f0%9d%92%90%f0%9d%92%93%f0%9d%92%93%f0%9d%92%8a%f0%9d%92%85%f0%9d%92%90-%f0%9d%92%91%f0%9d%92%82%f0%9d%92%93%f0%9d%92%82-%f0%9d%92%8d%f0%9d%92%82-%f0%9d%92%88\/","title":{"rendered":"\ud835\udc79\ud835\udc86\ud835\udc84\ud835\udc90\ud835\udc93\ud835\udc93\ud835\udc8a\ud835\udc85\ud835\udc90 \ud835\udc91\ud835\udc82\ud835\udc93\ud835\udc82 \ud835\udc8d\ud835\udc82 \ud835\udc88\ud835\udc86\ud835\udc8f\ud835\udc86\ud835\udc93\ud835\udc82\ud835\udc84\ud835\udc8a\ud835\udc90\u0301\ud835\udc8f \ud835\udc85\ud835\udc86 \ud835\udc86\ud835\udc94\ud835\udc95\ud835\udc96\ud835\udc85\ud835\udc8a\ud835\udc90\ud835\udc94 \ud835\udc85\ud835\udc86 \ud835\udc82\ud835\udc8d\ud835\udc84\ud835\udc82\ud835\udc8f\ud835\udc95\ud835\udc82\ud835\udc93\ud835\udc8a\ud835\udc8d\ud835\udc8d\ud835\udc82\ud835\udc85\ud835\udc90 \ud835\udc91\ud835\udc82\ud835\udc93\ud835\udc82 \ud835\udc6a\ud835\udc96\ud835\udc94\ud835\udc96\u0301\ud835\udc82"},"content":{"rendered":"\n<p>Junto a directivos y moradores del sector de <a href=\"https:\/\/www.facebook.com\/hashtag\/cus%C3%BAa?__eep__=6&amp;__cft__[0]=AZWAGw2_uVnGqOPNmiwbM1oAP1RpNergyLE-PUG4JuOVYuYDky32Kw8v3VCY6XVTFdqwIQyDguC3jh3Psiaf9XeCCYH7W3MRQaWxyjZ3CrvbWE4lo-1JM2_gMfOMYlTM4nj-ZZbXGVQEbmuN6ed3CJQ48ubsMHGVxJd6P2cWzbtf3MataXCoBx_U-AEFdYanhvQ&amp;__tn__=*NK-R\">#Cus\u00faa<\/a> perteneciente a la parroquia Cotal\u00f3, el Alcalde Dr. Gabriel Z\u00fa\u00f1iga y su equipo t\u00e9cnico recorrieron la comunidad, levantando coordenadas y recabando la informaci\u00f3n necesaria para realizar el estudio t\u00e9cnico del proyecto de alcantarillado sanitario para la comunidad.<\/p>\n\n\n\n<p>De esta actividad <a><\/a>tambi\u00e9n participaron autoridades del Gobierno parroquial de <a href=\"https:\/\/www.facebook.com\/hashtag\/cotal%C3%B3?__eep__=6&amp;__cft__[0]=AZWAGw2_uVnGqOPNmiwbM1oAP1RpNergyLE-PUG4JuOVYuYDky32Kw8v3VCY6XVTFdqwIQyDguC3jh3Psiaf9XeCCYH7W3MRQaWxyjZ3CrvbWE4lo-1JM2_gMfOMYlTM4nj-ZZbXGVQEbmuN6ed3CJQ48ubsMHGVxJd6P2cWzbtf3MataXCoBx_U-AEFdYanhvQ&amp;__tn__=*NK-R\">#Cotal\u00f3<\/a> y la Junta administradora de agua potable y saneamiento del sector, quienes agradecieron a la administraci\u00f3n municipal liderada por el Dr. Gabriel Z\u00fa\u00f1iga, por preocuparse en brindar este servicio b\u00e1sico a m\u00e1s de 700 habitantes de la comunidad.<\/p>\n","protected":false},"excerpt":{"rendered":"<p>Junto a directivos y moradores del sector de #Cus\u00faa perteneciente&hellip; <\/p>\n","protected":false},"author":1,"featured_media":2680,"comment_status":"closed","ping_status":"closed","sticky":false,"template":"","format":"standard","meta":{"footnotes":""},"categories":[9],"tags":[],"class_list":["post-2679","post","type-post","status-publish","format-standard","has-post-thumbnail","hentry","category-slider"],"_links":{"self":[{"href":"https:\/\/pelileo.gob.ec\/v3\/wp-json\/wp\/v2\/posts\/2679","targetHints":{"allow":["GET"]}}],"collection":[{"href":"https:\/\/pelileo.gob.ec\/v3\/wp-json\/wp\/v2\/posts"}],"about":[{"href":"https:\/\/pelileo.gob.ec\/v3\/wp-json\/wp\/v2\/types\/post"}],"author":[{"embeddable":true,"href":"https:\/\/pelileo.gob.ec\/v3\/wp-json\/wp\/v2\/users\/1"}],"replies":[{"embeddable":true,"href":"https:\/\/pelileo.gob.ec\/v3\/wp-json\/wp\/v2\/comments?post=2679"}],"version-history":[{"count":1,"href":"https:\/\/pelileo.gob.ec\/v3\/wp-json\/wp\/v2\/posts\/2679\/revisions"}],"predecessor-version":[{"id":2681,"href":"https:\/\/pelileo.gob.ec\/v3\/wp-json\/wp\/v2\/posts\/2679\/revisions\/2681"}],"wp:featuredmedia":[{"embeddable":true,"href":"https:\/\/pelileo.gob.ec\/v3\/wp-json\/wp\/v2\/media\/2680"}],"wp:attachment":[{"href":"https:\/\/pelileo.gob.ec\/v3\/wp-json\/wp\/v2\/media?parent=2679"}],"wp:term":[{"taxonomy":"category","embeddable":true,"href":"https:\/\/pelileo.gob.ec\/v3\/wp-json\/wp\/v2\/categories?post=2679"},{"taxonomy":"post_tag","embeddable":true,"href":"https:\/\/pelileo.gob.ec\/v3\/wp-json\/wp\/v2\/tags?post=2679"}],"curies":[{"name":"wp","href":"https:\/\/api.w.org\/{rel}","templated":true}]}}