{"id":2708,"date":"2023-09-18T08:43:24","date_gmt":"2023-09-18T13:43:24","guid":{"rendered":"https:\/\/pelileo.gob.ec\/portal\/?p=2708"},"modified":"2023-09-18T08:43:24","modified_gmt":"2023-09-18T13:43:24","slug":"%f0%9d%98%bc%f0%9d%99%98%f0%9d%99%98%f0%9d%99%9e%f0%9d%99%a4%f0%9d%99%a3%f0%9d%99%9a%f0%9d%99%a8-%f0%9d%99%98%f0%9d%99%a4%f0%9d%99%a3%f0%9d%99%9f%f0%9d%99%aa%f0%9d%99%a3%f0%9d%99%a9%f0%9d%99%96","status":"publish","type":"post","link":"https:\/\/pelileo.gob.ec\/v3\/%f0%9d%98%bc%f0%9d%99%98%f0%9d%99%98%f0%9d%99%9e%f0%9d%99%a4%f0%9d%99%a3%f0%9d%99%9a%f0%9d%99%a8-%f0%9d%99%98%f0%9d%99%a4%f0%9d%99%a3%f0%9d%99%9f%f0%9d%99%aa%f0%9d%99%a3%f0%9d%99%a9%f0%9d%99%96\/","title":{"rendered":"\ud835\ude3c\ud835\ude58\ud835\ude58\ud835\ude5e\ud835\ude64\ud835\ude63\ud835\ude5a\ud835\ude68 \ud835\ude58\ud835\ude64\ud835\ude63\ud835\ude5f\ud835\ude6a\ud835\ude63\ud835\ude69\ud835\ude56\ud835\ude68 \ud835\ude65\ud835\ude56\ud835\ude67\ud835\ude56 \ud835\ude62\ud835\ude5a\ud835\ude5f\ud835\ude64\ud835\ude67\ud835\ude56\ud835\ude67 \ud835\ude68\ud835\ude5e\ud835\ude68\ud835\ude69\ud835\ude5a\ud835\ude62\ud835\ude56 \ud835\ude59\ud835\ude5a \ud835\ude67\ud835\ude5e\ud835\ude5a\ud835\ude5c\ud835\ude64"},"content":{"rendered":"\n<p>Trabajo conjunto entre la Empresa de Aseo (EMMAIT-EP), GAD municipal y los usuarios del canal de riego \ud835\ude3c\ud835\ude62\ud835\ude57\ud835\ude56\ud835\ude69\ud835\ude64 &#8211; \ud835\ude43\ud835\ude6a\ud835\ude56\ud835\ude58\ud835\ude5d\ud835\ude5e \u2013 \ud835\ude4b\ud835\ude5a\ud835\ude61\ud835\ude5e\ud835\ude61\ud835\ude5a\ud835\ude64; permitir\u00e1 realizar la limpieza a lo largo de este sistema de riego, en lo que corresponde a la jurisdicci\u00f3n de nuestro cant\u00f3n.<\/p>\n\n\n\n<p>Mediante este trabajo se retirar\u00e1 toda la basura que obstruye los diferentes m\u00f3dulos de distribuci\u00f3n del <a><\/a>agua, recuperando el caudal adecuado para regar extensas zonas productivas de nuestro cant\u00f3n, destac\u00f3 el Alcalde \ud835\ude3f\ud835\ude67. \ud835\ude42\ud835\ude56\ud835\ude57\ud835\ude67\ud835\ude5e\ud835\ude5a\ud835\ude61 \ud835\ude55\u00fa\u00f1\ud835\ude5e\ud835\ude5c\ud835\ude56 durante el recorrido realizado por este sector.<\/p>\n","protected":false},"excerpt":{"rendered":"<p>Trabajo conjunto entre la Empresa de Aseo (EMMAIT-EP), GAD municipal&hellip; <\/p>\n","protected":false},"author":1,"featured_media":2709,"comment_status":"closed","ping_status":"closed","sticky":false,"template":"","format":"standard","meta":{"footnotes":""},"categories":[9],"tags":[],"class_list":["post-2708","post","type-post","status-publish","format-standard","has-post-thumbnail","hentry","category-slider"],"_links":{"self":[{"href":"https:\/\/pelileo.gob.ec\/v3\/wp-json\/wp\/v2\/posts\/2708","targetHints":{"allow":["GET"]}}],"collection":[{"href":"https:\/\/pelileo.gob.ec\/v3\/wp-json\/wp\/v2\/posts"}],"about":[{"href":"https:\/\/pelileo.gob.ec\/v3\/wp-json\/wp\/v2\/types\/post"}],"author":[{"embeddable":true,"href":"https:\/\/pelileo.gob.ec\/v3\/wp-json\/wp\/v2\/users\/1"}],"replies":[{"embeddable":true,"href":"https:\/\/pelileo.gob.ec\/v3\/wp-json\/wp\/v2\/comments?post=2708"}],"version-history":[{"count":1,"href":"https:\/\/pelileo.gob.ec\/v3\/wp-json\/wp\/v2\/posts\/2708\/revisions"}],"predecessor-version":[{"id":2710,"href":"https:\/\/pelileo.gob.ec\/v3\/wp-json\/wp\/v2\/posts\/2708\/revisions\/2710"}],"wp:featuredmedia":[{"embeddable":true,"href":"https:\/\/pelileo.gob.ec\/v3\/wp-json\/wp\/v2\/media\/2709"}],"wp:attachment":[{"href":"https:\/\/pelileo.gob.ec\/v3\/wp-json\/wp\/v2\/media?parent=2708"}],"wp:term":[{"taxonomy":"category","embeddable":true,"href":"https:\/\/pelileo.gob.ec\/v3\/wp-json\/wp\/v2\/categories?post=2708"},{"taxonomy":"post_tag","embeddable":true,"href":"https:\/\/pelileo.gob.ec\/v3\/wp-json\/wp\/v2\/tags?post=2708"}],"curies":[{"name":"wp","href":"https:\/\/api.w.org\/{rel}","templated":true}]}}