{"id":2719,"date":"2023-09-25T10:32:25","date_gmt":"2023-09-25T15:32:25","guid":{"rendered":"https:\/\/pelileo.gob.ec\/portal\/?p=2719"},"modified":"2023-09-25T10:32:25","modified_gmt":"2023-09-25T15:32:25","slug":"%f0%9d%97%a3%f0%9d%97%b9%f0%9d%97%ae%f0%9d%97%bb%f0%9d%97%b6%f0%9d%97%b3%f0%9d%97%b6%f0%9d%97%b0%f0%9d%97%ae%f0%9d%97%bb%f0%9d%97%b1%f0%9d%97%bc-%f0%9d%97%b2%f0%9d%97%b9-%f0%9d%97%af%f0%9d%97%b6","status":"publish","type":"post","link":"https:\/\/pelileo.gob.ec\/v3\/%f0%9d%97%a3%f0%9d%97%b9%f0%9d%97%ae%f0%9d%97%bb%f0%9d%97%b6%f0%9d%97%b3%f0%9d%97%b6%f0%9d%97%b0%f0%9d%97%ae%f0%9d%97%bb%f0%9d%97%b1%f0%9d%97%bc-%f0%9d%97%b2%f0%9d%97%b9-%f0%9d%97%af%f0%9d%97%b6\/","title":{"rendered":"\ud835\udde3\ud835\uddf9\ud835\uddee\ud835\uddfb\ud835\uddf6\ud835\uddf3\ud835\uddf6\ud835\uddf0\ud835\uddee\ud835\uddfb\ud835\uddf1\ud835\uddfc \ud835\uddf2\ud835\uddf9 \ud835\uddef\ud835\uddf6\ud835\uddf2\ud835\uddfb\ud835\uddf2\ud835\ude00\ud835\ude01\ud835\uddee\ud835\uddff \ud835\uddf1\ud835\uddf2 \ud835\uddf9\ud835\uddfc\ud835\ude00 \ud835\uddfd\ud835\uddf2\ud835\uddf9\ud835\uddf6\ud835\uddf9\ud835\uddf2\u00f1\ud835\uddfc\ud835\ude00"},"content":{"rendered":"\n<p>Moradores del caser\u00edo Pamatug, junto al Alcalde \ud835\uddd7\ud835\uddff. \ud835\uddda\ud835\uddee\ud835\uddef\ud835\uddff\ud835\uddf6\ud835\uddf2\ud835\uddf9 \ud835\udded\u00fa\u00f1\ud835\uddf6\ud835\uddf4\ud835\uddee y su equipo t\u00e9cnico, recorrieron el cauce del r\u00edo Pachanlica, donde se proyecta la construcci\u00f3n de un puente peatonal que permita el ingreso hacia los tanques de reserva del sistema de agua potable que beneficia a este sector.<\/p>\n\n\n\n<p>Al contar con esta infraestructura, los moradores y operadores podr\u00e1n dar un <a><\/a>mantenimiento adecuado y oportuno al sistema de agua potable, por ello, los t\u00e9cnicos de la municipalidad realizaran los estudios respectivos en los pr\u00f3ximos d\u00edas para atender esta necesidad de nuestros ciudadanos.<\/p>\n","protected":false},"excerpt":{"rendered":"<p>Moradores del caser\u00edo Pamatug, junto al Alcalde \ud835\uddd7\ud835\uddff. \ud835\uddda\ud835\uddee\ud835\uddef\ud835\uddff\ud835\uddf6\ud835\uddf2\ud835\uddf9 \ud835\udded\u00fa\u00f1\ud835\uddf6\ud835\uddf4\ud835\uddee&hellip; <\/p>\n","protected":false},"author":1,"featured_media":2720,"comment_status":"closed","ping_status":"closed","sticky":false,"template":"","format":"standard","meta":{"footnotes":""},"categories":[9],"tags":[],"class_list":["post-2719","post","type-post","status-publish","format-standard","has-post-thumbnail","hentry","category-slider"],"_links":{"self":[{"href":"https:\/\/pelileo.gob.ec\/v3\/wp-json\/wp\/v2\/posts\/2719","targetHints":{"allow":["GET"]}}],"collection":[{"href":"https:\/\/pelileo.gob.ec\/v3\/wp-json\/wp\/v2\/posts"}],"about":[{"href":"https:\/\/pelileo.gob.ec\/v3\/wp-json\/wp\/v2\/types\/post"}],"author":[{"embeddable":true,"href":"https:\/\/pelileo.gob.ec\/v3\/wp-json\/wp\/v2\/users\/1"}],"replies":[{"embeddable":true,"href":"https:\/\/pelileo.gob.ec\/v3\/wp-json\/wp\/v2\/comments?post=2719"}],"version-history":[{"count":1,"href":"https:\/\/pelileo.gob.ec\/v3\/wp-json\/wp\/v2\/posts\/2719\/revisions"}],"predecessor-version":[{"id":2721,"href":"https:\/\/pelileo.gob.ec\/v3\/wp-json\/wp\/v2\/posts\/2719\/revisions\/2721"}],"wp:featuredmedia":[{"embeddable":true,"href":"https:\/\/pelileo.gob.ec\/v3\/wp-json\/wp\/v2\/media\/2720"}],"wp:attachment":[{"href":"https:\/\/pelileo.gob.ec\/v3\/wp-json\/wp\/v2\/media?parent=2719"}],"wp:term":[{"taxonomy":"category","embeddable":true,"href":"https:\/\/pelileo.gob.ec\/v3\/wp-json\/wp\/v2\/categories?post=2719"},{"taxonomy":"post_tag","embeddable":true,"href":"https:\/\/pelileo.gob.ec\/v3\/wp-json\/wp\/v2\/tags?post=2719"}],"curies":[{"name":"wp","href":"https:\/\/api.w.org\/{rel}","templated":true}]}}