{"id":2725,"date":"2023-09-25T10:37:26","date_gmt":"2023-09-25T15:37:26","guid":{"rendered":"https:\/\/pelileo.gob.ec\/portal\/?p=2725"},"modified":"2023-09-25T10:37:26","modified_gmt":"2023-09-25T15:37:26","slug":"%f0%9d%97%a6%f0%9d%97%b2-%f0%9d%97%b3%f0%9d%97%bc%f0%9d%97%bf%f0%9d%98%81%f0%9d%97%ae%f0%9d%97%b9%f0%9d%97%b2%f0%9d%97%b0%f0%9d%97%b2%f0%9d%97%bfa%f0%9d%97%bb-%f0%9d%97%bd%f0%9d%97%bf%f0%9d%97%bc","status":"publish","type":"post","link":"https:\/\/pelileo.gob.ec\/v3\/%f0%9d%97%a6%f0%9d%97%b2-%f0%9d%97%b3%f0%9d%97%bc%f0%9d%97%bf%f0%9d%98%81%f0%9d%97%ae%f0%9d%97%b9%f0%9d%97%b2%f0%9d%97%b0%f0%9d%97%b2%f0%9d%97%bfa%f0%9d%97%bb-%f0%9d%97%bd%f0%9d%97%bf%f0%9d%97%bc\/","title":{"rendered":"\ud835\udde6\ud835\uddf2 \ud835\uddf3\ud835\uddfc\ud835\uddff\ud835\ude01\ud835\uddee\ud835\uddf9\ud835\uddf2\ud835\uddf0\ud835\uddf2\ud835\uddff\u00e1\ud835\uddfb \ud835\uddfd\ud835\uddff\ud835\uddfc\ud835\ude06\ud835\uddf2\ud835\uddf0\ud835\ude01\ud835\uddfc\ud835\ude00 \ud835\uddf1\ud835\uddf2 \ud835\uddf2\ud835\uddf9\ud835\uddf2\ud835\uddf0\ud835\ude01\ud835\uddff\ud835\uddf6\ud835\uddf3\ud835\uddf6\ud835\uddf0\ud835\uddee\ud835\uddf0\ud835\uddf6\u00f3\ud835\uddfb"},"content":{"rendered":"\n<p>El Alcalde \ud835\uddd7\ud835\uddff. \ud835\uddda\ud835\uddee\ud835\uddef\ud835\uddff\ud835\uddf6\ud835\uddf2\ud835\uddf9 \ud835\udded\u00fa\u00f1\ud835\uddf6\ud835\uddf4\ud835\uddee particip\u00f3 en la Junta General Ordinaria de Accionistas de la Empresa El\u00e9ctrica Ambato S.A., donde entre otros temas, se realiz\u00f3 la liquidaci\u00f3n presupuestaria del ejercicio econ\u00f3mico correspondiente al a\u00f1o 2022 y la respectiva distribuci\u00f3n de utilidades.<\/p>\n\n\n\n<p>Mediante estos importantes recursos, la municipalidad fortalecer\u00e1 varios proyectos de <a><\/a>electrificaci\u00f3n en nuestro cant\u00f3n, enfocados a brindar bienestar y seguridad a la ciudadan\u00eda, expres\u00f3 la primera autoridad municipal.<\/p>\n","protected":false},"excerpt":{"rendered":"<p>El Alcalde \ud835\uddd7\ud835\uddff. \ud835\uddda\ud835\uddee\ud835\uddef\ud835\uddff\ud835\uddf6\ud835\uddf2\ud835\uddf9 \ud835\udded\u00fa\u00f1\ud835\uddf6\ud835\uddf4\ud835\uddee particip\u00f3 en la Junta General&hellip; <\/p>\n","protected":false},"author":1,"featured_media":2726,"comment_status":"closed","ping_status":"closed","sticky":false,"template":"","format":"standard","meta":{"footnotes":""},"categories":[9],"tags":[],"class_list":["post-2725","post","type-post","status-publish","format-standard","has-post-thumbnail","hentry","category-slider"],"_links":{"self":[{"href":"https:\/\/pelileo.gob.ec\/v3\/wp-json\/wp\/v2\/posts\/2725","targetHints":{"allow":["GET"]}}],"collection":[{"href":"https:\/\/pelileo.gob.ec\/v3\/wp-json\/wp\/v2\/posts"}],"about":[{"href":"https:\/\/pelileo.gob.ec\/v3\/wp-json\/wp\/v2\/types\/post"}],"author":[{"embeddable":true,"href":"https:\/\/pelileo.gob.ec\/v3\/wp-json\/wp\/v2\/users\/1"}],"replies":[{"embeddable":true,"href":"https:\/\/pelileo.gob.ec\/v3\/wp-json\/wp\/v2\/comments?post=2725"}],"version-history":[{"count":1,"href":"https:\/\/pelileo.gob.ec\/v3\/wp-json\/wp\/v2\/posts\/2725\/revisions"}],"predecessor-version":[{"id":2727,"href":"https:\/\/pelileo.gob.ec\/v3\/wp-json\/wp\/v2\/posts\/2725\/revisions\/2727"}],"wp:featuredmedia":[{"embeddable":true,"href":"https:\/\/pelileo.gob.ec\/v3\/wp-json\/wp\/v2\/media\/2726"}],"wp:attachment":[{"href":"https:\/\/pelileo.gob.ec\/v3\/wp-json\/wp\/v2\/media?parent=2725"}],"wp:term":[{"taxonomy":"category","embeddable":true,"href":"https:\/\/pelileo.gob.ec\/v3\/wp-json\/wp\/v2\/categories?post=2725"},{"taxonomy":"post_tag","embeddable":true,"href":"https:\/\/pelileo.gob.ec\/v3\/wp-json\/wp\/v2\/tags?post=2725"}],"curies":[{"name":"wp","href":"https:\/\/api.w.org\/{rel}","templated":true}]}}