{"id":2728,"date":"2023-09-25T10:40:55","date_gmt":"2023-09-25T15:40:55","guid":{"rendered":"https:\/\/pelileo.gob.ec\/portal\/?p=2728"},"modified":"2023-09-25T10:40:55","modified_gmt":"2023-09-25T15:40:55","slug":"%f0%9d%97%a3%f0%9d%97%bf%f0%9d%97%bc%f0%9d%98%86%f0%9d%97%b2%f0%9d%97%b0%f0%9d%98%81%f0%9d%97%bc-%f0%9d%97%b1%f0%9d%97%b2-%f0%9d%97%a2%f0%9d%97%bf%f0%9d%97%b1%f0%9d%97%b2%f0%9d%97%bb%f0%9d%97%ae","status":"publish","type":"post","link":"https:\/\/pelileo.gob.ec\/v3\/%f0%9d%97%a3%f0%9d%97%bf%f0%9d%97%bc%f0%9d%98%86%f0%9d%97%b2%f0%9d%97%b0%f0%9d%98%81%f0%9d%97%bc-%f0%9d%97%b1%f0%9d%97%b2-%f0%9d%97%a2%f0%9d%97%bf%f0%9d%97%b1%f0%9d%97%b2%f0%9d%97%bb%f0%9d%97%ae\/","title":{"rendered":"\ud835\udde3\ud835\uddff\ud835\uddfc\ud835\ude06\ud835\uddf2\ud835\uddf0\ud835\ude01\ud835\uddfc \ud835\uddf1\ud835\uddf2 \ud835\udde2\ud835\uddff\ud835\uddf1\ud835\uddf2\ud835\uddfb\ud835\uddee\ud835\uddfb\ud835\ude07\ud835\uddee \ud835\uddfd\ud835\uddee\ud835\uddff\ud835\uddee \ud835\uddf9\ud835\uddee \ud835\uddf6\ud835\uddfa\ud835\uddfd\ud835\uddf9\ud835\uddf2\ud835\uddfa\ud835\uddf2\ud835\uddfb\ud835\ude01\ud835\uddee\ud835\uddf0\ud835\uddf6\u00f3\ud835\uddfb \ud835\uddf1\ud835\uddf2\ud835\uddf9 \ud835\udde3\ud835\uddf9\ud835\uddee\ud835\uddfb \ud835\uddf1\ud835\uddf2 \ud835\udde0\ud835\uddfc\ud835\ude03\ud835\uddf6\ud835\uddf9\ud835\uddf6\ud835\uddf1\ud835\uddee\ud835\uddf1"},"content":{"rendered":"\n<p>Durante la Sesi\u00f3n ordinaria, el Concejo Municipal aprob\u00f3 en primer debate el \u201c\ud835\udde3\ud835\uddff\ud835\uddfc\ud835\ude06\ud835\uddf2\ud835\uddf0\ud835\ude01\ud835\uddfc \ud835\uddf1\ud835\uddf2 \ud835\udde2\ud835\uddff\ud835\uddf1\ud835\uddf2\ud835\uddfb\ud835\uddee\ud835\uddfb\ud835\ude07\ud835\uddee \ud835\uddfd\ud835\uddee\ud835\uddff\ud835\uddee \ud835\uddf9\ud835\uddee \ud835\uddf6\ud835\uddfa\ud835\uddfd\ud835\uddf9\ud835\uddf2\ud835\uddfa\ud835\uddf2\ud835\uddfb\ud835\ude01\ud835\uddee\ud835\uddf0\ud835\uddf6\u00f3\ud835\uddfb \ud835\uddf1\ud835\uddf2\ud835\uddf9 \ud835\udde3\ud835\uddf9\ud835\uddee\ud835\uddfb \ud835\uddf1\ud835\uddf2 \ud835\udde0\ud835\uddfc\ud835\ude03\ud835\uddf6\ud835\uddf9\ud835\uddf6\ud835\uddf1\ud835\uddee\ud835\uddf1 \ud835\uddf0\ud835\uddfc\ud835\uddfb \ud835\uddf0\ud835\uddfc\ud835\uddfa\ud835\uddfd\ud835\uddfc\ud835\uddfb\ud835\uddf2\ud835\uddfb\ud835\ude01\ud835\uddf2 \ud835\ude00\ud835\uddfc\ud835\ude00\ud835\ude01\ud835\uddf2\ud835\uddfb\ud835\uddf6\ud835\uddef\ud835\uddf9\ud835\uddf2 \ud835\uddf1\ud835\uddf2\ud835\uddf9 \ud835\uddf0\ud835\uddee\ud835\uddfb\ud835\ude01\u00f3\ud835\uddfb \ud835\udde3\ud835\uddf2\ud835\uddf9\ud835\uddf6\ud835\uddf9\ud835\uddf2\ud835\uddfc\u201d, a fin de su derivaci\u00f3n a la Comisi\u00f3n de Servicios P\u00fablicos y Transporte, para el an\u00e1lisis <a><\/a>y elaboraci\u00f3n del informe previo a su aprobaci\u00f3n en segundo y definitivo debate.<\/p>\n\n\n\n<p>De igual forma, el Pleno del Concejo Municipal autoriz\u00f3 al Alcalde Dr. Gabriel Z\u00fa\u00f1iga a suscribir el Convenio de cooperaci\u00f3n interinstitucional con la Empresa El\u00e9ctrica Ambato S.A., para la implementaci\u00f3n del proyecto de atenci\u00f3n de alumbrado p\u00fablico en varios sectores de nuestro cant\u00f3n.<\/p>\n","protected":false},"excerpt":{"rendered":"<p>Durante la Sesi\u00f3n ordinaria, el Concejo Municipal aprob\u00f3 en primer&hellip; <\/p>\n","protected":false},"author":1,"featured_media":2729,"comment_status":"closed","ping_status":"closed","sticky":false,"template":"","format":"standard","meta":{"footnotes":""},"categories":[9],"tags":[],"class_list":["post-2728","post","type-post","status-publish","format-standard","has-post-thumbnail","hentry","category-slider"],"_links":{"self":[{"href":"https:\/\/pelileo.gob.ec\/v3\/wp-json\/wp\/v2\/posts\/2728","targetHints":{"allow":["GET"]}}],"collection":[{"href":"https:\/\/pelileo.gob.ec\/v3\/wp-json\/wp\/v2\/posts"}],"about":[{"href":"https:\/\/pelileo.gob.ec\/v3\/wp-json\/wp\/v2\/types\/post"}],"author":[{"embeddable":true,"href":"https:\/\/pelileo.gob.ec\/v3\/wp-json\/wp\/v2\/users\/1"}],"replies":[{"embeddable":true,"href":"https:\/\/pelileo.gob.ec\/v3\/wp-json\/wp\/v2\/comments?post=2728"}],"version-history":[{"count":1,"href":"https:\/\/pelileo.gob.ec\/v3\/wp-json\/wp\/v2\/posts\/2728\/revisions"}],"predecessor-version":[{"id":2730,"href":"https:\/\/pelileo.gob.ec\/v3\/wp-json\/wp\/v2\/posts\/2728\/revisions\/2730"}],"wp:featuredmedia":[{"embeddable":true,"href":"https:\/\/pelileo.gob.ec\/v3\/wp-json\/wp\/v2\/media\/2729"}],"wp:attachment":[{"href":"https:\/\/pelileo.gob.ec\/v3\/wp-json\/wp\/v2\/media?parent=2728"}],"wp:term":[{"taxonomy":"category","embeddable":true,"href":"https:\/\/pelileo.gob.ec\/v3\/wp-json\/wp\/v2\/categories?post=2728"},{"taxonomy":"post_tag","embeddable":true,"href":"https:\/\/pelileo.gob.ec\/v3\/wp-json\/wp\/v2\/tags?post=2728"}],"curies":[{"name":"wp","href":"https:\/\/api.w.org\/{rel}","templated":true}]}}