{"id":2731,"date":"2023-09-25T10:43:15","date_gmt":"2023-09-25T15:43:15","guid":{"rendered":"https:\/\/pelileo.gob.ec\/portal\/?p=2731"},"modified":"2023-09-25T10:43:15","modified_gmt":"2023-09-25T15:43:15","slug":"%f0%9d%97%9f%f0%9d%97%b9%f0%9d%97%b2%f0%9d%97%b4o-%f0%9d%97%ba%f0%9d%97%ae%f0%9d%97%be%f0%9d%98%82%f0%9d%97%b6%f0%9d%97%bb%f0%9d%97%ae%f0%9d%97%bf%f0%9d%97%b6%f0%9d%97%ae-%f0%9d%97%bf%f0%9d%97%b2","status":"publish","type":"post","link":"https:\/\/pelileo.gob.ec\/v3\/%f0%9d%97%9f%f0%9d%97%b9%f0%9d%97%b2%f0%9d%97%b4o-%f0%9d%97%ba%f0%9d%97%ae%f0%9d%97%be%f0%9d%98%82%f0%9d%97%b6%f0%9d%97%bb%f0%9d%97%ae%f0%9d%97%bf%f0%9d%97%b6%f0%9d%97%ae-%f0%9d%97%bf%f0%9d%97%b2\/","title":{"rendered":"\ud835\udddf\ud835\uddf9\ud835\uddf2\ud835\uddf4\u00f3 \ud835\uddfa\ud835\uddee\ud835\uddfe\ud835\ude02\ud835\uddf6\ud835\uddfb\ud835\uddee\ud835\uddff\ud835\uddf6\ud835\uddee \ud835\uddff\ud835\uddf2\ud835\uddfd\ud835\uddfc\ud835\ude01\ud835\uddf2\ud835\uddfb\ud835\uddf0\ud835\uddf6\ud835\uddee\ud835\uddf1\ud835\uddee"},"content":{"rendered":"\n<p>La gesti\u00f3n de la administraci\u00f3n municipal que lidera el \ud835\uddee\ud835\uddf9\ud835\uddf0\ud835\uddee\ud835\uddf9\ud835\uddf1\ud835\uddf2 \ud835\uddda\ud835\uddee\ud835\uddef\ud835\uddff\ud835\uddf6\ud835\uddf2\ud835\uddf9 \ud835\udded\u00fa\u00f1\ud835\uddf6\ud835\uddf4\ud835\uddee, permiti\u00f3 que una m\u00e1quina que se encontraba 11 meses en un taller mec\u00e1nico de la ciudad de Quito, hoy llegue a nuestro cant\u00f3n para incorporarse al equipo caminero que brinda servicio a la colectividad.<\/p>\n\n\n\n<p>\u201c\ud835\udde7\ud835\uddff\ud835\uddee\ud835\uddef\ud835\uddee\ud835\uddf7\ud835\uddee\ud835\uddfa\ud835\uddfc\ud835\ude00 \ud835\uddf0\ud835\uddfc\ud835\uddfb \ud835\uddf5\ud835\uddf2\ud835\uddf0\ud835\uddf5\ud835\uddfc\ud835\ude00 \ud835\ude06 \ud835\uddfb\ud835\uddfc \ud835\uddf0\ud835\uddfc\ud835\uddfb \ud835\uddfd\ud835\uddee\ud835\uddf9\ud835\uddee\ud835\uddef\ud835\uddff\ud835\uddee\ud835\ude00\u201d, destac\u00f3 la primera autoridad municipal al <a><\/a>recibir la maquinaria, misma que se pondr\u00e1 al servicio del pueblo de manera inmediata; por ello, anunci\u00f3 que la municipalidad trabajar\u00e1 para adquirir nuevo equipo caminero que permita solventar la demanda ciudadana.<\/p>\n","protected":false},"excerpt":{"rendered":"<p>La gesti\u00f3n de la administraci\u00f3n municipal que lidera el \ud835\uddee\ud835\uddf9\ud835\uddf0\ud835\uddee\ud835\uddf9\ud835\uddf1\ud835\uddf2&hellip; <\/p>\n","protected":false},"author":1,"featured_media":2732,"comment_status":"closed","ping_status":"closed","sticky":false,"template":"","format":"standard","meta":{"footnotes":""},"categories":[9],"tags":[],"class_list":["post-2731","post","type-post","status-publish","format-standard","has-post-thumbnail","hentry","category-slider"],"_links":{"self":[{"href":"https:\/\/pelileo.gob.ec\/v3\/wp-json\/wp\/v2\/posts\/2731","targetHints":{"allow":["GET"]}}],"collection":[{"href":"https:\/\/pelileo.gob.ec\/v3\/wp-json\/wp\/v2\/posts"}],"about":[{"href":"https:\/\/pelileo.gob.ec\/v3\/wp-json\/wp\/v2\/types\/post"}],"author":[{"embeddable":true,"href":"https:\/\/pelileo.gob.ec\/v3\/wp-json\/wp\/v2\/users\/1"}],"replies":[{"embeddable":true,"href":"https:\/\/pelileo.gob.ec\/v3\/wp-json\/wp\/v2\/comments?post=2731"}],"version-history":[{"count":1,"href":"https:\/\/pelileo.gob.ec\/v3\/wp-json\/wp\/v2\/posts\/2731\/revisions"}],"predecessor-version":[{"id":2733,"href":"https:\/\/pelileo.gob.ec\/v3\/wp-json\/wp\/v2\/posts\/2731\/revisions\/2733"}],"wp:featuredmedia":[{"embeddable":true,"href":"https:\/\/pelileo.gob.ec\/v3\/wp-json\/wp\/v2\/media\/2732"}],"wp:attachment":[{"href":"https:\/\/pelileo.gob.ec\/v3\/wp-json\/wp\/v2\/media?parent=2731"}],"wp:term":[{"taxonomy":"category","embeddable":true,"href":"https:\/\/pelileo.gob.ec\/v3\/wp-json\/wp\/v2\/categories?post=2731"},{"taxonomy":"post_tag","embeddable":true,"href":"https:\/\/pelileo.gob.ec\/v3\/wp-json\/wp\/v2\/tags?post=2731"}],"curies":[{"name":"wp","href":"https:\/\/api.w.org\/{rel}","templated":true}]}}