{"id":2743,"date":"2023-09-29T15:35:17","date_gmt":"2023-09-29T20:35:17","guid":{"rendered":"https:\/\/pelileo.gob.ec\/portal\/?p=2743"},"modified":"2023-09-29T15:35:17","modified_gmt":"2023-09-29T20:35:17","slug":"%f0%9d%97%98%f0%9d%97%ba%f0%9d%97%bd%f0%9d%97%bf%f0%9d%97%b2%f0%9d%97%bb%f0%9d%97%b1%f0%9d%97%b2%f0%9d%97%b1%f0%9d%97%bc%f0%9d%97%bf%f0%9d%97%b2%f0%9d%98%80-%f0%9d%97%b9%f0%9d%97%bc%f0%9d%97%b0","status":"publish","type":"post","link":"https:\/\/pelileo.gob.ec\/v3\/%f0%9d%97%98%f0%9d%97%ba%f0%9d%97%bd%f0%9d%97%bf%f0%9d%97%b2%f0%9d%97%bb%f0%9d%97%b1%f0%9d%97%b2%f0%9d%97%b1%f0%9d%97%bc%f0%9d%97%bf%f0%9d%97%b2%f0%9d%98%80-%f0%9d%97%b9%f0%9d%97%bc%f0%9d%97%b0\/","title":{"rendered":"\ud835\uddd8\ud835\uddfa\ud835\uddfd\ud835\uddff\ud835\uddf2\ud835\uddfb\ud835\uddf1\ud835\uddf2\ud835\uddf1\ud835\uddfc\ud835\uddff\ud835\uddf2\ud835\ude00 \ud835\uddf9\ud835\uddfc\ud835\uddf0\ud835\uddee\ud835\uddf9\ud835\uddf2\ud835\ude00 \ud835\ude01\ud835\ude02\ud835\ude03\ud835\uddf6\ud835\uddf2\ud835\uddff\ud835\uddfc\ud835\uddfb \ud835\ude00\ud835\ude02 \ud835\uddf3\ud835\uddf2\ud835\uddff\ud835\uddf6\ud835\uddee"},"content":{"rendered":"\n<p>Generar un espacio donde los productores y emprendedores de la parroquia Ben\u00edtez expongan y comercialicen sus productos de manera directa al consumidor, fue el prop\u00f3sito bajo el cual se llev\u00f3 a cabo la \u201c\ud835\uddd9\ud835\uddf2\ud835\uddff\ud835\uddf6\ud835\uddee \ud835\uddf2\ud835\ude05\ud835\uddfd\ud835\uddfc\ud835\ude00\ud835\uddf6\ud835\uddf0\ud835\uddf6\u00f3\ud835\uddfb\u201d realizada en el estadio parroquial.<\/p>\n\n\n\n<p>Esta actividad se sum\u00f3 a la programaci\u00f3n de fiestas en honor al cent\u00e9simo quincuag\u00e9simo cuarto aniversario de vida parroquial; <a><\/a>espacio donde se apreciaron las infaltables pantuflas, prendas jean, calzado, bisuter\u00eda, plantas ornamentales, muebles, artesan\u00edas de diferentes materiales y motivos y una variada oferta gastron\u00f3mica.<\/p>\n","protected":false},"excerpt":{"rendered":"<p>Generar un espacio donde los productores y emprendedores de la&hellip; <\/p>\n","protected":false},"author":1,"featured_media":2744,"comment_status":"closed","ping_status":"closed","sticky":false,"template":"","format":"standard","meta":{"footnotes":""},"categories":[9],"tags":[],"class_list":["post-2743","post","type-post","status-publish","format-standard","has-post-thumbnail","hentry","category-slider"],"_links":{"self":[{"href":"https:\/\/pelileo.gob.ec\/v3\/wp-json\/wp\/v2\/posts\/2743","targetHints":{"allow":["GET"]}}],"collection":[{"href":"https:\/\/pelileo.gob.ec\/v3\/wp-json\/wp\/v2\/posts"}],"about":[{"href":"https:\/\/pelileo.gob.ec\/v3\/wp-json\/wp\/v2\/types\/post"}],"author":[{"embeddable":true,"href":"https:\/\/pelileo.gob.ec\/v3\/wp-json\/wp\/v2\/users\/1"}],"replies":[{"embeddable":true,"href":"https:\/\/pelileo.gob.ec\/v3\/wp-json\/wp\/v2\/comments?post=2743"}],"version-history":[{"count":1,"href":"https:\/\/pelileo.gob.ec\/v3\/wp-json\/wp\/v2\/posts\/2743\/revisions"}],"predecessor-version":[{"id":2745,"href":"https:\/\/pelileo.gob.ec\/v3\/wp-json\/wp\/v2\/posts\/2743\/revisions\/2745"}],"wp:featuredmedia":[{"embeddable":true,"href":"https:\/\/pelileo.gob.ec\/v3\/wp-json\/wp\/v2\/media\/2744"}],"wp:attachment":[{"href":"https:\/\/pelileo.gob.ec\/v3\/wp-json\/wp\/v2\/media?parent=2743"}],"wp:term":[{"taxonomy":"category","embeddable":true,"href":"https:\/\/pelileo.gob.ec\/v3\/wp-json\/wp\/v2\/categories?post=2743"},{"taxonomy":"post_tag","embeddable":true,"href":"https:\/\/pelileo.gob.ec\/v3\/wp-json\/wp\/v2\/tags?post=2743"}],"curies":[{"name":"wp","href":"https:\/\/api.w.org\/{rel}","templated":true}]}}