{"id":2746,"date":"2023-09-29T15:38:36","date_gmt":"2023-09-29T20:38:36","guid":{"rendered":"https:\/\/pelileo.gob.ec\/portal\/?p=2746"},"modified":"2023-09-29T15:38:36","modified_gmt":"2023-09-29T20:38:36","slug":"%f0%9d%97%a0%f0%9d%98%82%f0%9d%97%bb%f0%9d%97%b6%f0%9d%97%b0%f0%9d%97%b6%f0%9d%97%bd%f0%9d%97%ae%f0%9d%97%b9%f0%9d%97%b6%f0%9d%97%b1%f0%9d%97%ae%f0%9d%97%b1-%f0%9d%97%ae%f0%9d%98%81%f0%9d%97%b2","status":"publish","type":"post","link":"https:\/\/pelileo.gob.ec\/v3\/%f0%9d%97%a0%f0%9d%98%82%f0%9d%97%bb%f0%9d%97%b6%f0%9d%97%b0%f0%9d%97%b6%f0%9d%97%bd%f0%9d%97%ae%f0%9d%97%b9%f0%9d%97%b6%f0%9d%97%b1%f0%9d%97%ae%f0%9d%97%b1-%f0%9d%97%ae%f0%9d%98%81%f0%9d%97%b2\/","title":{"rendered":"\ud835\udde0\ud835\ude02\ud835\uddfb\ud835\uddf6\ud835\uddf0\ud835\uddf6\ud835\uddfd\ud835\uddee\ud835\uddf9\ud835\uddf6\ud835\uddf1\ud835\uddee\ud835\uddf1 \ud835\uddee\ud835\ude01\ud835\uddf2\ud835\uddfb\ud835\ude01\ud835\uddee \ud835\uddee\ud835\uddfb\ud835\ude01\ud835\uddf2 \ud835\uddf2\ud835\uddfa\ud835\uddf2\ud835\uddff\ud835\uddf4\ud835\uddf2\ud835\uddfb\ud835\uddf0\ud835\uddf6\ud835\uddee \ud835\uddf3\ud835\uddfc\ud835\uddff\ud835\uddf2\ud835\ude00\ud835\ude01\ud835\uddee\ud835\uddf9"},"content":{"rendered":"\n<p>El alcalde de <a href=\"https:\/\/www.facebook.com\/hashtag\/pelileo?__eep__=6&amp;__cft__[0]=AZUWfBV35akJ7GmUTZn1ccPxj1OVmNIGU13jQbdW_9TGqUOw_HwT0c1HPuCe7ecvXxLEOKUBUljnjaUb3DoaoqzOlXS0dS-u2tsFQ3V7GoRZ4aF9ueFv065nZ_5tR-n4qVOXULvme4PS1gApfrHXCDLMvYmK86t5VgMYGNmAt98B2gmbUQOUhfS0_eUaLh_qolY&amp;__tn__=*NK-R\">#Pelileo<\/a> Dr. Gabriel Z\u00fa\u00f1iga lider\u00f3 la jornada de trabajo de los socorristas de los diferentes Cuerpos de Bomberos de Tungurahua, que acudieron la noche de ayer hasta el caser\u00edo El Ping\u00fce para sofocar el incendio forestal ocurrido en el sector.<\/p>\n\n\n\n<p>La autoridad municipal comparti\u00f3 bebidas con los socorristas para su hidrataci\u00f3n, mientras cumpl\u00edan la labor enfocada a sofocar las <a><\/a>llamas para evitar su propagaci\u00f3n por poblaciones aleda\u00f1as; as\u00ed tambi\u00e9n agradeci\u00f3 a los bomberos de los cantones \ud835\uddd5\ud835\uddee\u00f1\ud835\uddfc\ud835\ude00, \ud835\uddd4\ud835\uddfa\ud835\uddef\ud835\uddee\ud835\ude01\ud835\uddfc, \ud835\uddd6\ud835\uddf2\ud835\ude03\ud835\uddee\ud835\uddf9\ud835\uddf9\ud835\uddfc\ud835\ude00, \ud835\udde0\ud835\uddfc\ud835\uddf0\ud835\uddf5\ud835\uddee, \ud835\udde3\ud835\uddee\ud835\ude01\ud835\uddee\ud835\ude01\ud835\uddf2, \ud835\udde7\ud835\uddf6\ud835\ude00\ud835\uddee\ud835\uddf9\ud835\uddf2\ud835\uddfc \ud835\ude06 \ud835\udde3\ud835\uddf2\ud835\uddf9\ud835\uddf6\ud835\uddf9\ud835\uddf2\ud835\uddfc por el contingente prestado para combatir esta emergencia forestal.<\/p>\n","protected":false},"excerpt":{"rendered":"<p>El alcalde de #Pelileo Dr. Gabriel Z\u00fa\u00f1iga lider\u00f3 la jornada&hellip; <\/p>\n","protected":false},"author":1,"featured_media":2747,"comment_status":"closed","ping_status":"closed","sticky":false,"template":"","format":"standard","meta":{"footnotes":""},"categories":[9],"tags":[],"class_list":["post-2746","post","type-post","status-publish","format-standard","has-post-thumbnail","hentry","category-slider"],"_links":{"self":[{"href":"https:\/\/pelileo.gob.ec\/v3\/wp-json\/wp\/v2\/posts\/2746","targetHints":{"allow":["GET"]}}],"collection":[{"href":"https:\/\/pelileo.gob.ec\/v3\/wp-json\/wp\/v2\/posts"}],"about":[{"href":"https:\/\/pelileo.gob.ec\/v3\/wp-json\/wp\/v2\/types\/post"}],"author":[{"embeddable":true,"href":"https:\/\/pelileo.gob.ec\/v3\/wp-json\/wp\/v2\/users\/1"}],"replies":[{"embeddable":true,"href":"https:\/\/pelileo.gob.ec\/v3\/wp-json\/wp\/v2\/comments?post=2746"}],"version-history":[{"count":1,"href":"https:\/\/pelileo.gob.ec\/v3\/wp-json\/wp\/v2\/posts\/2746\/revisions"}],"predecessor-version":[{"id":2748,"href":"https:\/\/pelileo.gob.ec\/v3\/wp-json\/wp\/v2\/posts\/2746\/revisions\/2748"}],"wp:featuredmedia":[{"embeddable":true,"href":"https:\/\/pelileo.gob.ec\/v3\/wp-json\/wp\/v2\/media\/2747"}],"wp:attachment":[{"href":"https:\/\/pelileo.gob.ec\/v3\/wp-json\/wp\/v2\/media?parent=2746"}],"wp:term":[{"taxonomy":"category","embeddable":true,"href":"https:\/\/pelileo.gob.ec\/v3\/wp-json\/wp\/v2\/categories?post=2746"},{"taxonomy":"post_tag","embeddable":true,"href":"https:\/\/pelileo.gob.ec\/v3\/wp-json\/wp\/v2\/tags?post=2746"}],"curies":[{"name":"wp","href":"https:\/\/api.w.org\/{rel}","templated":true}]}}