{"id":2749,"date":"2023-09-29T15:42:31","date_gmt":"2023-09-29T20:42:31","guid":{"rendered":"https:\/\/pelileo.gob.ec\/portal\/?p=2749"},"modified":"2023-09-29T15:42:31","modified_gmt":"2023-09-29T20:42:31","slug":"%f0%9d%97%a6%f0%9d%97%b2-%f0%9d%97%bd%f0%9d%97%bf%f0%9d%97%bc%f0%9d%98%86%f0%9d%97%b2%f0%9d%97%b0%f0%9d%98%81%f0%9d%97%ae%f0%9d%97%bb-%f0%9d%97%bc%f0%9d%97%af%f0%9d%97%bf%f0%9d%97%ae%f0%9d%98%80","status":"publish","type":"post","link":"https:\/\/pelileo.gob.ec\/v3\/%f0%9d%97%a6%f0%9d%97%b2-%f0%9d%97%bd%f0%9d%97%bf%f0%9d%97%bc%f0%9d%98%86%f0%9d%97%b2%f0%9d%97%b0%f0%9d%98%81%f0%9d%97%ae%f0%9d%97%bb-%f0%9d%97%bc%f0%9d%97%af%f0%9d%97%bf%f0%9d%97%ae%f0%9d%98%80\/","title":{"rendered":"\ud835\udde6\ud835\uddf2 \ud835\uddfd\ud835\uddff\ud835\uddfc\ud835\ude06\ud835\uddf2\ud835\uddf0\ud835\ude01\ud835\uddee\ud835\uddfb \ud835\uddfc\ud835\uddef\ud835\uddff\ud835\uddee\ud835\ude00 \ud835\uddf1\ud835\uddf2 \ud835\uddf9\ud835\uddee \ud835\uddfa\ud835\uddee\ud835\uddfb\ud835\uddfc \ud835\uddf1\ud835\uddf2\ud835\uddf9 \ud835\uddfd\ud835\ude02\ud835\uddf2\ud835\uddef\ud835\uddf9\ud835\uddfc"},"content":{"rendered":"\n<p>Directivos y moradores de las parroquias: Garc\u00eda Moreno, <a href=\"https:\/\/www.facebook.com\/hashtag\/salasaka?__eep__=6&amp;__cft__[0]=AZUxnKkesDypid42WMtyPX-pCp-cb_vCJeg6Jd7NbYaL_OrIumQ90bg4ktIGxJYhfukJV4WVVkSjboCWPsl2Xj3BHCGRsXv3XqdWOLRsYH5-zNSuzqekD0dceSHNv9yg--p3CBqBUw9XPGBaHKSxKrmZFlGBVLLue2brpxc4aYOTYaFCiliosFGyYliWLk6f4k8&amp;__tn__=*NK-R\">#Salasaka<\/a> y <a href=\"https:\/\/www.facebook.com\/hashtag\/chiquicha?__eep__=6&amp;__cft__[0]=AZUxnKkesDypid42WMtyPX-pCp-cb_vCJeg6Jd7NbYaL_OrIumQ90bg4ktIGxJYhfukJV4WVVkSjboCWPsl2Xj3BHCGRsXv3XqdWOLRsYH5-zNSuzqekD0dceSHNv9yg--p3CBqBUw9XPGBaHKSxKrmZFlGBVLLue2brpxc4aYOTYaFCiliosFGyYliWLk6f4k8&amp;__tn__=*NK-R\">#Chiquicha<\/a>; conjuntamente con el \ud835\uddd4\ud835\uddf9\ud835\uddf0\ud835\uddee\ud835\uddf9\ud835\uddf1\ud835\uddf2 \ud835\uddda\ud835\uddee\ud835\uddef\ud835\uddff\ud835\uddf6\ud835\uddf2\ud835\uddf9 \ud835\udded\u00fa\u00f1\ud835\uddf6\ud835\uddf4\ud835\uddee, Concejales municipales y el equipo t\u00e9cnico institucional, trabajaron en la priorizaci\u00f3n del Presupuesto Participativo para el ejercicio fiscal 2024.<\/p>\n\n\n\n<p>Tras un an\u00e1lisis de necesidades, se determinaron en com\u00fan acuerdo los proyectos en los que la municipalidad <a><\/a>y Gobiernos parroquiales intervendr\u00e1n en el a\u00f1o 2024, pensando en el bienestar de la ciudadan\u00eda.<\/p>\n","protected":false},"excerpt":{"rendered":"<p>Directivos y moradores de las parroquias: Garc\u00eda Moreno, #Salasaka y&hellip; <\/p>\n","protected":false},"author":1,"featured_media":2750,"comment_status":"closed","ping_status":"closed","sticky":false,"template":"","format":"standard","meta":{"footnotes":""},"categories":[9],"tags":[],"class_list":["post-2749","post","type-post","status-publish","format-standard","has-post-thumbnail","hentry","category-slider"],"_links":{"self":[{"href":"https:\/\/pelileo.gob.ec\/v3\/wp-json\/wp\/v2\/posts\/2749","targetHints":{"allow":["GET"]}}],"collection":[{"href":"https:\/\/pelileo.gob.ec\/v3\/wp-json\/wp\/v2\/posts"}],"about":[{"href":"https:\/\/pelileo.gob.ec\/v3\/wp-json\/wp\/v2\/types\/post"}],"author":[{"embeddable":true,"href":"https:\/\/pelileo.gob.ec\/v3\/wp-json\/wp\/v2\/users\/1"}],"replies":[{"embeddable":true,"href":"https:\/\/pelileo.gob.ec\/v3\/wp-json\/wp\/v2\/comments?post=2749"}],"version-history":[{"count":1,"href":"https:\/\/pelileo.gob.ec\/v3\/wp-json\/wp\/v2\/posts\/2749\/revisions"}],"predecessor-version":[{"id":2751,"href":"https:\/\/pelileo.gob.ec\/v3\/wp-json\/wp\/v2\/posts\/2749\/revisions\/2751"}],"wp:featuredmedia":[{"embeddable":true,"href":"https:\/\/pelileo.gob.ec\/v3\/wp-json\/wp\/v2\/media\/2750"}],"wp:attachment":[{"href":"https:\/\/pelileo.gob.ec\/v3\/wp-json\/wp\/v2\/media?parent=2749"}],"wp:term":[{"taxonomy":"category","embeddable":true,"href":"https:\/\/pelileo.gob.ec\/v3\/wp-json\/wp\/v2\/categories?post=2749"},{"taxonomy":"post_tag","embeddable":true,"href":"https:\/\/pelileo.gob.ec\/v3\/wp-json\/wp\/v2\/tags?post=2749"}],"curies":[{"name":"wp","href":"https:\/\/api.w.org\/{rel}","templated":true}]}}