{"id":2755,"date":"2023-10-02T08:38:28","date_gmt":"2023-10-02T13:38:28","guid":{"rendered":"https:\/\/pelileo.gob.ec\/portal\/?p=2755"},"modified":"2023-10-02T08:38:28","modified_gmt":"2023-10-02T13:38:28","slug":"%f0%9d%97%94%f0%9d%97%bf%f0%9d%98%81%f0%9d%97%b6%f0%9d%97%b0%f0%9d%98%82%f0%9d%97%b9%f0%9d%97%ae%f0%9d%97%bb%f0%9d%97%b1%f0%9d%97%bc-%f0%9d%97%ae%f0%9d%97%b0%f0%9d%97%b0%f0%9d%97%b6%f0%9d%97%bc","status":"publish","type":"post","link":"https:\/\/pelileo.gob.ec\/v3\/%f0%9d%97%94%f0%9d%97%bf%f0%9d%98%81%f0%9d%97%b6%f0%9d%97%b0%f0%9d%98%82%f0%9d%97%b9%f0%9d%97%ae%f0%9d%97%bb%f0%9d%97%b1%f0%9d%97%bc-%f0%9d%97%ae%f0%9d%97%b0%f0%9d%97%b0%f0%9d%97%b6%f0%9d%97%bc\/","title":{"rendered":"\ud835\uddd4\ud835\uddff\ud835\ude01\ud835\uddf6\ud835\uddf0\ud835\ude02\ud835\uddf9\ud835\uddee\ud835\uddfb\ud835\uddf1\ud835\uddfc \ud835\uddee\ud835\uddf0\ud835\uddf0\ud835\uddf6\ud835\uddfc\ud835\uddfb\ud835\uddf2\ud835\ude00 \ud835\uddf0\ud835\uddfc\ud835\uddfb \ud835\uddfa\ud835\ude02\ud835\uddfb\ud835\uddf6\ud835\uddf0\ud835\uddf6\ud835\uddfd\ud835\uddee\ud835\uddf9\ud835\uddf6\ud835\uddf1\ud835\uddee\ud835\uddf1 \ud835\uddf1\ud835\uddf2 \ud835\udde6\ud835\uddee\ud835\uddfb\ud835\ude01\ud835\uddfc \ud835\uddd7\ud835\uddfc\ud835\uddfa\ud835\uddf6\ud835\uddfb\ud835\uddf4\ud835\uddfc"},"content":{"rendered":"\n<p>El Alcalde \ud835\uddda\ud835\uddee\ud835\uddef\ud835\uddff\ud835\uddf6\ud835\uddf2\ud835\uddf9 \ud835\udded\u00fa\u00f1\ud835\uddf6\ud835\uddf4\ud835\uddee , recibi\u00f3 en su despacho la visita protocolaria de varios Concejales del GAD municipal del cant\u00f3n Santo Domingo de los Ts\u00e1chilas, con quienes coordinaron acciones interinstitucionales encaminadas a precautelar la integridad de los pelile\u00f1os que mantienen la feria del jean en Santo Domingo.<\/p>\n\n\n\n<p>En esta reuni\u00f3n tambi\u00e9n participaron <a><\/a>artesanos y comerciantes de la Feria, quienes agradecieron a \ud835\uddfb\ud835\ude02\ud835\uddf2\ud835\ude00\ud835\ude01\ud835\uddff\ud835\uddee \ud835\uddee\ud835\ude02\ud835\ude01\ud835\uddfc\ud835\uddff\ud835\uddf6\ud835\uddf1\ud835\uddee\ud835\uddf1 por el compromiso demostrado al articular acciones conjuntas para apoyar su trabajo.<\/p>\n","protected":false},"excerpt":{"rendered":"<p>El Alcalde \ud835\uddda\ud835\uddee\ud835\uddef\ud835\uddff\ud835\uddf6\ud835\uddf2\ud835\uddf9 \ud835\udded\u00fa\u00f1\ud835\uddf6\ud835\uddf4\ud835\uddee , recibi\u00f3 en su despacho la&hellip; <\/p>\n","protected":false},"author":1,"featured_media":2756,"comment_status":"closed","ping_status":"closed","sticky":false,"template":"","format":"standard","meta":{"footnotes":""},"categories":[9],"tags":[],"class_list":["post-2755","post","type-post","status-publish","format-standard","has-post-thumbnail","hentry","category-slider"],"_links":{"self":[{"href":"https:\/\/pelileo.gob.ec\/v3\/wp-json\/wp\/v2\/posts\/2755","targetHints":{"allow":["GET"]}}],"collection":[{"href":"https:\/\/pelileo.gob.ec\/v3\/wp-json\/wp\/v2\/posts"}],"about":[{"href":"https:\/\/pelileo.gob.ec\/v3\/wp-json\/wp\/v2\/types\/post"}],"author":[{"embeddable":true,"href":"https:\/\/pelileo.gob.ec\/v3\/wp-json\/wp\/v2\/users\/1"}],"replies":[{"embeddable":true,"href":"https:\/\/pelileo.gob.ec\/v3\/wp-json\/wp\/v2\/comments?post=2755"}],"version-history":[{"count":1,"href":"https:\/\/pelileo.gob.ec\/v3\/wp-json\/wp\/v2\/posts\/2755\/revisions"}],"predecessor-version":[{"id":2757,"href":"https:\/\/pelileo.gob.ec\/v3\/wp-json\/wp\/v2\/posts\/2755\/revisions\/2757"}],"wp:featuredmedia":[{"embeddable":true,"href":"https:\/\/pelileo.gob.ec\/v3\/wp-json\/wp\/v2\/media\/2756"}],"wp:attachment":[{"href":"https:\/\/pelileo.gob.ec\/v3\/wp-json\/wp\/v2\/media?parent=2755"}],"wp:term":[{"taxonomy":"category","embeddable":true,"href":"https:\/\/pelileo.gob.ec\/v3\/wp-json\/wp\/v2\/categories?post=2755"},{"taxonomy":"post_tag","embeddable":true,"href":"https:\/\/pelileo.gob.ec\/v3\/wp-json\/wp\/v2\/tags?post=2755"}],"curies":[{"name":"wp","href":"https:\/\/api.w.org\/{rel}","templated":true}]}}