{"id":2761,"date":"2023-10-02T08:47:06","date_gmt":"2023-10-02T13:47:06","guid":{"rendered":"https:\/\/pelileo.gob.ec\/portal\/?p=2761"},"modified":"2023-10-02T08:47:06","modified_gmt":"2023-10-02T13:47:06","slug":"%f0%9d%97%96%f0%9d%97%bc%f0%9d%97%bc%f0%9d%97%bf%f0%9d%97%b1%f0%9d%97%b6%f0%9d%97%bb%f0%9d%97%ae%f0%9d%97%bb%f0%9d%97%b1%f0%9d%97%bc-%f0%9d%97%ae%f0%9d%97%b0%f0%9d%97%b0%f0%9d%97%b6%f0%9d%97%bc","status":"publish","type":"post","link":"https:\/\/pelileo.gob.ec\/v3\/%f0%9d%97%96%f0%9d%97%bc%f0%9d%97%bc%f0%9d%97%bf%f0%9d%97%b1%f0%9d%97%b6%f0%9d%97%bb%f0%9d%97%ae%f0%9d%97%bb%f0%9d%97%b1%f0%9d%97%bc-%f0%9d%97%ae%f0%9d%97%b0%f0%9d%97%b0%f0%9d%97%b6%f0%9d%97%bc\/","title":{"rendered":"\ud835\uddd6\ud835\uddfc\ud835\uddfc\ud835\uddff\ud835\uddf1\ud835\uddf6\ud835\uddfb\ud835\uddee\ud835\uddfb\ud835\uddf1\ud835\uddfc \ud835\uddee\ud835\uddf0\ud835\uddf0\ud835\uddf6\ud835\uddfc\ud835\uddfb\ud835\uddf2\ud835\ude00 \ud835\uddfd\ud835\uddee\ud835\uddff\ud835\uddee \ud835\uddef\ud835\uddf2\ud835\uddfb\ud835\uddf2\ud835\uddf3\ud835\uddf6\ud835\uddf0\ud835\uddf6\ud835\uddfc \ud835\uddf1\ud835\uddf2\ud835\uddf9 \ud835\uddfd\ud835\ude02\ud835\uddf2\ud835\uddef\ud835\uddf9\ud835\uddfc"},"content":{"rendered":"\n<p>El alcalde Dr. Gabriel Z\u00fa\u00f1iga, junto a directivos y moradores del barrio La Loma perteneciente a la parroquia urbana \ud835\udde3\ud835\uddf2\ud835\uddf9\ud835\uddf6\ud835\uddf9\ud835\uddf2\ud835\uddfc \ud835\uddda\ud835\uddff\ud835\uddee\ud835\uddfb\ud835\uddf1\ud835\uddf2, recorrieron varios puntos del sector, donde los vecinos solicitan la intervenci\u00f3n municipal mediante la ampliaci\u00f3n de v\u00edas y la respectiva infraestructura sanitaria de agua potable y alcantarillado.<\/p>\n\n\n\n<p>Otra de las necesidades sentidas por <a><\/a>la poblaci\u00f3n, constituye la implementaci\u00f3n de \ud835\uddf0\ud835\uddee\ud835\uddfb\ud835\uddf0\ud835\uddf5\ud835\uddee\ud835\ude00 \ud835\uddf1\ud835\uddf2\ud835\uddfd\ud835\uddfc\ud835\uddff\ud835\ude01\ud835\uddf6\ud835\ude03\ud835\uddee\ud835\ude00 \ud835\ude06 \ud835\uddf2\ud835\ude00\ud835\uddfd\ud835\uddee\ud835\uddf0\ud835\uddf6\ud835\uddfc\ud835\ude00 \ud835\uddff\ud835\uddf2\ud835\uddf0\ud835\uddff\ud835\uddf2\ud835\uddee\ud835\ude01\ud835\uddf6\ud835\ude03\ud835\uddfc\ud835\ude00; por ello, la autoridad municipal y su equipo t\u00e9cnico explicaron que se encuentran a la espera de la implementaci\u00f3n del \ud835\udde3\ud835\uddf9\ud835\uddee\ud835\uddfb \ud835\ude03\ud835\uddf6\ud835\uddee\ud835\uddf9 \ud835\uddf0\ud835\uddee\ud835\uddfb\ud835\ude01\ud835\uddfc\ud835\uddfb\ud835\uddee\ud835\uddf9 que permita conocer c\u00f3mo quedar\u00e1n las v\u00edas en el sector, a fin de intervenir con la infraestructura necesaria.<\/p>\n","protected":false},"excerpt":{"rendered":"<p>El alcalde Dr. Gabriel Z\u00fa\u00f1iga, junto a directivos y moradores&hellip; <\/p>\n","protected":false},"author":1,"featured_media":2762,"comment_status":"closed","ping_status":"closed","sticky":false,"template":"","format":"standard","meta":{"footnotes":""},"categories":[9],"tags":[],"class_list":["post-2761","post","type-post","status-publish","format-standard","has-post-thumbnail","hentry","category-slider"],"_links":{"self":[{"href":"https:\/\/pelileo.gob.ec\/v3\/wp-json\/wp\/v2\/posts\/2761","targetHints":{"allow":["GET"]}}],"collection":[{"href":"https:\/\/pelileo.gob.ec\/v3\/wp-json\/wp\/v2\/posts"}],"about":[{"href":"https:\/\/pelileo.gob.ec\/v3\/wp-json\/wp\/v2\/types\/post"}],"author":[{"embeddable":true,"href":"https:\/\/pelileo.gob.ec\/v3\/wp-json\/wp\/v2\/users\/1"}],"replies":[{"embeddable":true,"href":"https:\/\/pelileo.gob.ec\/v3\/wp-json\/wp\/v2\/comments?post=2761"}],"version-history":[{"count":1,"href":"https:\/\/pelileo.gob.ec\/v3\/wp-json\/wp\/v2\/posts\/2761\/revisions"}],"predecessor-version":[{"id":2763,"href":"https:\/\/pelileo.gob.ec\/v3\/wp-json\/wp\/v2\/posts\/2761\/revisions\/2763"}],"wp:featuredmedia":[{"embeddable":true,"href":"https:\/\/pelileo.gob.ec\/v3\/wp-json\/wp\/v2\/media\/2762"}],"wp:attachment":[{"href":"https:\/\/pelileo.gob.ec\/v3\/wp-json\/wp\/v2\/media?parent=2761"}],"wp:term":[{"taxonomy":"category","embeddable":true,"href":"https:\/\/pelileo.gob.ec\/v3\/wp-json\/wp\/v2\/categories?post=2761"},{"taxonomy":"post_tag","embeddable":true,"href":"https:\/\/pelileo.gob.ec\/v3\/wp-json\/wp\/v2\/tags?post=2761"}],"curies":[{"name":"wp","href":"https:\/\/api.w.org\/{rel}","templated":true}]}}