{"id":2774,"date":"2023-10-10T13:25:43","date_gmt":"2023-10-10T18:25:43","guid":{"rendered":"https:\/\/pelileo.gob.ec\/portal\/?p=2774"},"modified":"2023-10-10T13:25:43","modified_gmt":"2023-10-10T18:25:43","slug":"%f0%9d%97%98%f0%9d%97%ba%f0%9d%97%bc%f0%9d%98%81%f0%9d%97%b6%f0%9d%98%83%f0%9d%97%ae-%f0%9d%97%b0%f0%9d%97%b2%f0%9d%97%b9%f0%9d%97%b2%f0%9d%97%af%f0%9d%97%bf%f0%9d%97%ae%f0%9d%97%b0%f0%9d%97%b6o","status":"publish","type":"post","link":"https:\/\/pelileo.gob.ec\/v3\/%f0%9d%97%98%f0%9d%97%ba%f0%9d%97%bc%f0%9d%98%81%f0%9d%97%b6%f0%9d%98%83%f0%9d%97%ae-%f0%9d%97%b0%f0%9d%97%b2%f0%9d%97%b9%f0%9d%97%b2%f0%9d%97%af%f0%9d%97%bf%f0%9d%97%ae%f0%9d%97%b0%f0%9d%97%b6o\/","title":{"rendered":"\ud835\uddd8\ud835\uddfa\ud835\uddfc\ud835\ude01\ud835\uddf6\ud835\ude03\ud835\uddee \ud835\uddf0\ud835\uddf2\ud835\uddf9\ud835\uddf2\ud835\uddef\ud835\uddff\ud835\uddee\ud835\uddf0\ud835\uddf6\u00f3\ud835\uddfb \ud835\uddf1\ud835\uddf2\ud835\uddf9 \u201c\ud835\uddd7\ud835\uddf6\ud835\uddee \ud835\uddf1\ud835\uddf2\ud835\uddf9 \ud835\uddee\ud835\uddf1\ud835\ude02\ud835\uddf9\ud835\ude01\ud835\uddfc \ud835\uddfa\ud835\uddee\ud835\ude06\ud835\uddfc\ud835\uddff\u201d"},"content":{"rendered":"\n<p>Mediante manifestaciones art\u00edsticas de m\u00fasica, teatro y danza, m\u00e1s de mil adultos mayores del cant\u00f3n Pelileo celebraron el \ud835\uddf1\u00ed\ud835\uddee \ud835\uddf1\ud835\uddf2\ud835\uddf9 \ud835\uddd4\ud835\uddf1\ud835\ude02\ud835\uddf9\ud835\ude01\ud835\uddfc \ud835\udde0\ud835\uddee\ud835\ude06\ud835\uddfc\ud835\uddff fortaleciendo la identidad cultural de nuestro cant\u00f3n y evocando momentos de su juventud.<\/p>\n\n\n\n<p>El \ud835\uddee\ud835\uddf9\ud835\uddf0\ud835\uddee\ud835\uddf9\ud835\uddf1\ud835\uddf2 \ud835\uddda\ud835\uddee\ud835\uddef\ud835\uddff\ud835\uddf6\ud835\uddf2\ud835\uddf9 \ud835\udded\u00fa\u00f1\ud835\uddf6\ud835\uddf4\ud835\uddee destac\u00f3 el legado de trabajo y sabidur\u00eda que dejaron nuestros adultos mayores a las nuevas <a><\/a>generaciones. De manera conjunta con la Coordinadora Zonal del Ministerio de Inclusi\u00f3n Econ\u00f3mica y Social (MIES), se entregaron \ud835\uddf8\ud835\uddf6\ud835\ude01\ud835\ude00 \ud835\uddf1\ud835\uddf2 \ud835\uddfd\ud835\uddff\ud835\uddf2\ud835\uddfb\ud835\uddf1\ud835\uddee\ud835\ude00 \ud835\uddf1\ud835\uddf2 \ud835\ude03\ud835\uddf2\ud835\ude00\ud835\ude01\ud835\uddf6\ud835\uddff para los adultos mayores de los grupos de atenci\u00f3n prioritaria de nuestras parroquias y comunidades.<\/p>\n\n\n\n<p>Expresamos la gratitud a nuestra soberana Jannel Garz\u00f3n, Cecilia Silva, Concejal de Pelileo y la Dra. Geoconda Llerena, esposa del alcalde cantonal por la organizaci\u00f3n de tan emotiva expresi\u00f3n cultural de nuestros adultos mayores.<\/p>\n","protected":false},"excerpt":{"rendered":"<p>Mediante manifestaciones art\u00edsticas de m\u00fasica, teatro y danza, m\u00e1s de&hellip; <\/p>\n","protected":false},"author":1,"featured_media":2775,"comment_status":"closed","ping_status":"closed","sticky":false,"template":"","format":"standard","meta":{"footnotes":""},"categories":[9],"tags":[],"class_list":["post-2774","post","type-post","status-publish","format-standard","has-post-thumbnail","hentry","category-slider"],"_links":{"self":[{"href":"https:\/\/pelileo.gob.ec\/v3\/wp-json\/wp\/v2\/posts\/2774","targetHints":{"allow":["GET"]}}],"collection":[{"href":"https:\/\/pelileo.gob.ec\/v3\/wp-json\/wp\/v2\/posts"}],"about":[{"href":"https:\/\/pelileo.gob.ec\/v3\/wp-json\/wp\/v2\/types\/post"}],"author":[{"embeddable":true,"href":"https:\/\/pelileo.gob.ec\/v3\/wp-json\/wp\/v2\/users\/1"}],"replies":[{"embeddable":true,"href":"https:\/\/pelileo.gob.ec\/v3\/wp-json\/wp\/v2\/comments?post=2774"}],"version-history":[{"count":1,"href":"https:\/\/pelileo.gob.ec\/v3\/wp-json\/wp\/v2\/posts\/2774\/revisions"}],"predecessor-version":[{"id":2776,"href":"https:\/\/pelileo.gob.ec\/v3\/wp-json\/wp\/v2\/posts\/2774\/revisions\/2776"}],"wp:featuredmedia":[{"embeddable":true,"href":"https:\/\/pelileo.gob.ec\/v3\/wp-json\/wp\/v2\/media\/2775"}],"wp:attachment":[{"href":"https:\/\/pelileo.gob.ec\/v3\/wp-json\/wp\/v2\/media?parent=2774"}],"wp:term":[{"taxonomy":"category","embeddable":true,"href":"https:\/\/pelileo.gob.ec\/v3\/wp-json\/wp\/v2\/categories?post=2774"},{"taxonomy":"post_tag","embeddable":true,"href":"https:\/\/pelileo.gob.ec\/v3\/wp-json\/wp\/v2\/tags?post=2774"}],"curies":[{"name":"wp","href":"https:\/\/api.w.org\/{rel}","templated":true}]}}