{"id":2778,"date":"2023-10-10T13:38:59","date_gmt":"2023-10-10T18:38:59","guid":{"rendered":"https:\/\/pelileo.gob.ec\/portal\/?p=2778"},"modified":"2023-10-10T13:38:59","modified_gmt":"2023-10-10T18:38:59","slug":"unidos-por-la-seguridad-cantonal","status":"publish","type":"post","link":"https:\/\/pelileo.gob.ec\/v3\/unidos-por-la-seguridad-cantonal\/","title":{"rendered":"Unidos por la seguridad cantonal"},"content":{"rendered":"\n<p>La unidad de autoridades y ciudadanos es la mayor fortaleza de <a href=\"https:\/\/www.facebook.com\/hashtag\/pelileo?__eep__=6&amp;__cft__[0]=AZU0U_fgiHFUhKiSy6ecFOct75XATw0Z7PG_77JHOePOLHmwJQISlCvNuGEIQm0956Wr0lkuvxMbfucoezgD5vUhz1T47ghsVJBzChQaOGGKI4XDCtn7FFG7q0y8wP6wJZDXDk2_ZKEzPSV7jUZKiLkW9iE5HUwMj8sHSDNKYbIBstLDdAaeMigA4hgdrGT4W9w&amp;__tn__=*NK-R\">#Pelileo<\/a> para mantener la seguridad ciudadana en nuestro cant\u00f3n\u201d, se\u00f1al\u00f3 el alcalde Gabriel Z\u00fa\u00f1iga durante la \u201cFeria de Seguridad\u201d realizada en la parroquia <a href=\"https:\/\/www.facebook.com\/hashtag\/salasaka?__eep__=6&amp;__cft__[0]=AZU0U_fgiHFUhKiSy6ecFOct75XATw0Z7PG_77JHOePOLHmwJQISlCvNuGEIQm0956Wr0lkuvxMbfucoezgD5vUhz1T47ghsVJBzChQaOGGKI4XDCtn7FFG7q0y8wP6wJZDXDk2_ZKEzPSV7jUZKiLkW9iE5HUwMj8sHSDNKYbIBstLDdAaeMigA4hgdrGT4W9w&amp;__tn__=*NK-R\">#Salasaka<\/a>.<\/p>\n\n\n\n<p>De esta actividad participaron la Subzona de Polic\u00eda, GAD municipal, Prefectura provincial, Juntas de Defensa del Campesinado, equipo pol\u00edtico cantonal, Gobiernos locales y toda la ciudadan\u00eda que lucha por <a><\/a>mejores d\u00edas para Pelileo.<\/p>\n","protected":false},"excerpt":{"rendered":"<p>La unidad de autoridades y ciudadanos es la mayor fortaleza&hellip; <\/p>\n","protected":false},"author":1,"featured_media":2779,"comment_status":"closed","ping_status":"closed","sticky":false,"template":"","format":"standard","meta":{"footnotes":""},"categories":[9],"tags":[],"class_list":["post-2778","post","type-post","status-publish","format-standard","has-post-thumbnail","hentry","category-slider"],"_links":{"self":[{"href":"https:\/\/pelileo.gob.ec\/v3\/wp-json\/wp\/v2\/posts\/2778","targetHints":{"allow":["GET"]}}],"collection":[{"href":"https:\/\/pelileo.gob.ec\/v3\/wp-json\/wp\/v2\/posts"}],"about":[{"href":"https:\/\/pelileo.gob.ec\/v3\/wp-json\/wp\/v2\/types\/post"}],"author":[{"embeddable":true,"href":"https:\/\/pelileo.gob.ec\/v3\/wp-json\/wp\/v2\/users\/1"}],"replies":[{"embeddable":true,"href":"https:\/\/pelileo.gob.ec\/v3\/wp-json\/wp\/v2\/comments?post=2778"}],"version-history":[{"count":1,"href":"https:\/\/pelileo.gob.ec\/v3\/wp-json\/wp\/v2\/posts\/2778\/revisions"}],"predecessor-version":[{"id":2780,"href":"https:\/\/pelileo.gob.ec\/v3\/wp-json\/wp\/v2\/posts\/2778\/revisions\/2780"}],"wp:featuredmedia":[{"embeddable":true,"href":"https:\/\/pelileo.gob.ec\/v3\/wp-json\/wp\/v2\/media\/2779"}],"wp:attachment":[{"href":"https:\/\/pelileo.gob.ec\/v3\/wp-json\/wp\/v2\/media?parent=2778"}],"wp:term":[{"taxonomy":"category","embeddable":true,"href":"https:\/\/pelileo.gob.ec\/v3\/wp-json\/wp\/v2\/categories?post=2778"},{"taxonomy":"post_tag","embeddable":true,"href":"https:\/\/pelileo.gob.ec\/v3\/wp-json\/wp\/v2\/tags?post=2778"}],"curies":[{"name":"wp","href":"https:\/\/api.w.org\/{rel}","templated":true}]}}