{"id":2797,"date":"2023-10-13T16:02:31","date_gmt":"2023-10-13T21:02:31","guid":{"rendered":"https:\/\/pelileo.gob.ec\/portal\/?p=2797"},"modified":"2023-10-13T16:02:31","modified_gmt":"2023-10-13T21:02:31","slug":"%f0%9d%97%94%f0%9d%97%bd%f0%9d%97%bc%f0%9d%98%86%f0%9d%97%bc-%f0%9d%98%80%f0%9d%97%bc%f0%9d%97%b9%f0%9d%97%b6%f0%9d%97%b1%f0%9d%97%ae%f0%9d%97%bf%f0%9d%97%b6%f0%9d%97%bc-%f0%9d%97%bd%f0%9d%97%ae","status":"publish","type":"post","link":"https:\/\/pelileo.gob.ec\/v3\/%f0%9d%97%94%f0%9d%97%bd%f0%9d%97%bc%f0%9d%98%86%f0%9d%97%bc-%f0%9d%98%80%f0%9d%97%bc%f0%9d%97%b9%f0%9d%97%b6%f0%9d%97%b1%f0%9d%97%ae%f0%9d%97%bf%f0%9d%97%b6%f0%9d%97%bc-%f0%9d%97%bd%f0%9d%97%ae\/","title":{"rendered":"\ud835\uddd4\ud835\uddfd\ud835\uddfc\ud835\ude06\ud835\uddfc \ud835\ude00\ud835\uddfc\ud835\uddf9\ud835\uddf6\ud835\uddf1\ud835\uddee\ud835\uddff\ud835\uddf6\ud835\uddfc \ud835\uddfd\ud835\uddee\ud835\uddff\ud835\uddee \ud835\uddf9\ud835\uddfc\ud835\ude00 \ud835\uddee\ud835\uddf1\ud835\ude02\ud835\uddf9\ud835\ude01\ud835\uddfc\ud835\ude00 \ud835\uddfa\ud835\uddee\ud835\ude06\ud835\uddfc\ud835\uddff\ud835\uddf2\ud835\ude00"},"content":{"rendered":"\n<p>Caminando por los sectores m\u00e1s alejados de nuestro cant\u00f3n; la Dra. Geoconda Llerena, esposa del alcalde Dr. Gabriel Z\u00fa\u00f1iga; junto a la Concejal Cecilia Silva y la Reina de Pelileo Jannel Garz\u00f3n entregaron alrededor de \ud835\uddfa\ud835\uddf6\ud835\uddf9 \ud835\uddf8\ud835\uddf6\ud835\ude01\ud835\ude00 \ud835\uddf1\ud835\uddf2 \ud835\ude03\ud835\uddf2\ud835\ude00\ud835\ude01\ud835\uddf6\ud835\uddfa\ud835\uddf2\ud835\uddfb\ud835\ude01\ud835\uddee \ud835\uddee \ud835\uddf9\ud835\uddfc\ud835\ude00 \ud835\uddee\ud835\uddf1\ud835\ude02\ud835\uddf9\ud835\ude01\ud835\uddfc\ud835\ude00 \ud835\uddfa\ud835\uddee\ud835\ude06\ud835\uddfc\ud835\uddff\ud835\uddf2\ud835\ude00, como parte del trabajo articulado con el Ministerio de Inclusi\u00f3n Econ\u00f3mica y Social (MIES).<\/p>\n\n\n\n<p>El <a><\/a>donativo conten\u00eda 8 prendas de vestir, entre \ud835\uddf0\ud835\uddf5\ud835\uddfc\ud835\uddfa\ud835\uddfd\ud835\uddee\ud835\ude00, \ud835\uddfd\ud835\uddee\ud835\uddfb\ud835\ude01\ud835\uddee\ud835\uddf9\ud835\uddfc\ud835\uddfb\ud835\uddf2\ud835\ude00, \ud835\uddf0\ud835\uddee\ud835\uddfa\ud835\uddf6\ud835\ude00\ud835\uddf2\ud835\ude01\ud835\uddee\ud835\ude00 \ud835\ude06 \ud835\ude07\ud835\uddee\ud835\uddfd\ud835\uddee\ud835\ude01\ud835\uddfc\ud835\ude00; de los cuales 840 fueron entregados durante el Festival \u201cCanitas blancas\u201d y el restante lo hicieron directamente en los domicilios de los adultos mayores, que m\u00e1s necesitan de la ayuda solidaria.<\/p>\n","protected":false},"excerpt":{"rendered":"<p>Caminando por los sectores m\u00e1s alejados de nuestro cant\u00f3n; la&hellip; <\/p>\n","protected":false},"author":1,"featured_media":2798,"comment_status":"closed","ping_status":"closed","sticky":false,"template":"","format":"standard","meta":{"footnotes":""},"categories":[9],"tags":[],"class_list":["post-2797","post","type-post","status-publish","format-standard","has-post-thumbnail","hentry","category-slider"],"_links":{"self":[{"href":"https:\/\/pelileo.gob.ec\/v3\/wp-json\/wp\/v2\/posts\/2797","targetHints":{"allow":["GET"]}}],"collection":[{"href":"https:\/\/pelileo.gob.ec\/v3\/wp-json\/wp\/v2\/posts"}],"about":[{"href":"https:\/\/pelileo.gob.ec\/v3\/wp-json\/wp\/v2\/types\/post"}],"author":[{"embeddable":true,"href":"https:\/\/pelileo.gob.ec\/v3\/wp-json\/wp\/v2\/users\/1"}],"replies":[{"embeddable":true,"href":"https:\/\/pelileo.gob.ec\/v3\/wp-json\/wp\/v2\/comments?post=2797"}],"version-history":[{"count":1,"href":"https:\/\/pelileo.gob.ec\/v3\/wp-json\/wp\/v2\/posts\/2797\/revisions"}],"predecessor-version":[{"id":2799,"href":"https:\/\/pelileo.gob.ec\/v3\/wp-json\/wp\/v2\/posts\/2797\/revisions\/2799"}],"wp:featuredmedia":[{"embeddable":true,"href":"https:\/\/pelileo.gob.ec\/v3\/wp-json\/wp\/v2\/media\/2798"}],"wp:attachment":[{"href":"https:\/\/pelileo.gob.ec\/v3\/wp-json\/wp\/v2\/media?parent=2797"}],"wp:term":[{"taxonomy":"category","embeddable":true,"href":"https:\/\/pelileo.gob.ec\/v3\/wp-json\/wp\/v2\/categories?post=2797"},{"taxonomy":"post_tag","embeddable":true,"href":"https:\/\/pelileo.gob.ec\/v3\/wp-json\/wp\/v2\/tags?post=2797"}],"curies":[{"name":"wp","href":"https:\/\/api.w.org\/{rel}","templated":true}]}}