{"id":2800,"date":"2023-10-13T16:16:51","date_gmt":"2023-10-13T21:16:51","guid":{"rendered":"https:\/\/pelileo.gob.ec\/portal\/?p=2800"},"modified":"2023-10-13T16:16:51","modified_gmt":"2023-10-13T21:16:51","slug":"%f0%9d%97%a3%f0%9d%97%b2%f0%9d%97%b9%f0%9d%97%b6%f0%9d%97%b9%f0%9d%97%b2%f0%9d%97%bc-%f0%9d%98%80%f0%9d%97%b2-%f0%9d%97%bd%f0%9d%97%bf%f0%9d%97%bc%f0%9d%97%ba%f0%9d%97%bc%f0%9d%97%b0%f0%9d%97%b6","status":"publish","type":"post","link":"https:\/\/pelileo.gob.ec\/v3\/%f0%9d%97%a3%f0%9d%97%b2%f0%9d%97%b9%f0%9d%97%b6%f0%9d%97%b9%f0%9d%97%b2%f0%9d%97%bc-%f0%9d%98%80%f0%9d%97%b2-%f0%9d%97%bd%f0%9d%97%bf%f0%9d%97%bc%f0%9d%97%ba%f0%9d%97%bc%f0%9d%97%b0%f0%9d%97%b6\/","title":{"rendered":"\ud835\udde3\ud835\uddf2\ud835\uddf9\ud835\uddf6\ud835\uddf9\ud835\uddf2\ud835\uddfc \ud835\ude00\ud835\uddf2 \ud835\uddfd\ud835\uddff\ud835\uddfc\ud835\uddfa\ud835\uddfc\ud835\uddf0\ud835\uddf6\ud835\uddfc\ud835\uddfb\ud835\uddee\ud835\uddff\u00e1 \ud835\uddee \ud835\uddf2\ud835\ude00\ud835\uddf0\ud835\uddee\ud835\uddf9\ud835\uddee \ud835\uddfa\ud835\ude02\ud835\uddfb\ud835\uddf1\ud835\uddf6\ud835\uddee\ud835\uddf9"},"content":{"rendered":"\n<p>Seguimos trabajando para que Pelileo sea reconocido a nivel internacional como destino tur\u00edstico debido a sus encantos naturales, la fuerza productiva de sus artesanos, la variedad gastron\u00f3mica y las diferentes manifestaciones art\u00edsticas y culturales de nuestra gente.<\/p>\n\n\n\n<p>Con este objetivo, el alcalde \ud835\uddda\ud835\uddee\ud835\uddef\ud835\uddff\ud835\uddf6\ud835\uddf2\ud835\uddf9 \ud835\udded\u00fa\u00f1\ud835\uddf6\ud835\uddf4\ud835\uddee y la Unidad de Turismo tomaron contacto con la cadena televisiva <a><\/a>\ud835\udde7\ud835\uddd8\ud835\udddf\ud835\uddd8\ud835\udde0\ud835\udde8\ud835\udde1\ud835\uddd7\ud835\udde2 \ud835\udddc\ud835\udde1\ud835\udde7\ud835\uddd8\ud835\udde5\ud835\udde1\ud835\uddd4\ud835\uddd6\ud835\udddc\ud835\udde2\ud835\udde1\ud835\uddd4\ud835\udddf, para difundir las bondades de nuestro cant\u00f3n a escala mundial, para lo cual se coordinan las fechas en que el equipo televisivo llegar\u00e1 a este cant\u00f3n.<\/p>\n","protected":false},"excerpt":{"rendered":"<p>Seguimos trabajando para que Pelileo sea reconocido a nivel internacional&hellip; <\/p>\n","protected":false},"author":1,"featured_media":2801,"comment_status":"closed","ping_status":"closed","sticky":false,"template":"","format":"standard","meta":{"footnotes":""},"categories":[9],"tags":[],"class_list":["post-2800","post","type-post","status-publish","format-standard","has-post-thumbnail","hentry","category-slider"],"_links":{"self":[{"href":"https:\/\/pelileo.gob.ec\/v3\/wp-json\/wp\/v2\/posts\/2800","targetHints":{"allow":["GET"]}}],"collection":[{"href":"https:\/\/pelileo.gob.ec\/v3\/wp-json\/wp\/v2\/posts"}],"about":[{"href":"https:\/\/pelileo.gob.ec\/v3\/wp-json\/wp\/v2\/types\/post"}],"author":[{"embeddable":true,"href":"https:\/\/pelileo.gob.ec\/v3\/wp-json\/wp\/v2\/users\/1"}],"replies":[{"embeddable":true,"href":"https:\/\/pelileo.gob.ec\/v3\/wp-json\/wp\/v2\/comments?post=2800"}],"version-history":[{"count":1,"href":"https:\/\/pelileo.gob.ec\/v3\/wp-json\/wp\/v2\/posts\/2800\/revisions"}],"predecessor-version":[{"id":2802,"href":"https:\/\/pelileo.gob.ec\/v3\/wp-json\/wp\/v2\/posts\/2800\/revisions\/2802"}],"wp:featuredmedia":[{"embeddable":true,"href":"https:\/\/pelileo.gob.ec\/v3\/wp-json\/wp\/v2\/media\/2801"}],"wp:attachment":[{"href":"https:\/\/pelileo.gob.ec\/v3\/wp-json\/wp\/v2\/media?parent=2800"}],"wp:term":[{"taxonomy":"category","embeddable":true,"href":"https:\/\/pelileo.gob.ec\/v3\/wp-json\/wp\/v2\/categories?post=2800"},{"taxonomy":"post_tag","embeddable":true,"href":"https:\/\/pelileo.gob.ec\/v3\/wp-json\/wp\/v2\/tags?post=2800"}],"curies":[{"name":"wp","href":"https:\/\/api.w.org\/{rel}","templated":true}]}}