{"id":2809,"date":"2023-10-13T16:29:41","date_gmt":"2023-10-13T21:29:41","guid":{"rendered":"https:\/\/pelileo.gob.ec\/portal\/?p=2809"},"modified":"2023-10-13T16:31:06","modified_gmt":"2023-10-13T21:31:06","slug":"%f0%9d%97%a3%f0%9d%97%b2%f0%9d%97%b9%f0%9d%97%b6%f0%9d%97%b9%f0%9d%97%b2%f0%9d%97%bc-%f0%9d%98%82%f0%9d%97%bb%f0%9d%97%b6%f0%9d%97%b1%f0%9d%97%bc-%f0%9d%97%b2%f0%9d%97%bb-%f0%9d%97%b9%f0%9d%97%ae","status":"publish","type":"post","link":"https:\/\/pelileo.gob.ec\/v3\/%f0%9d%97%a3%f0%9d%97%b2%f0%9d%97%b9%f0%9d%97%b6%f0%9d%97%b9%f0%9d%97%b2%f0%9d%97%bc-%f0%9d%98%82%f0%9d%97%bb%f0%9d%97%b6%f0%9d%97%b1%f0%9d%97%bc-%f0%9d%97%b2%f0%9d%97%bb-%f0%9d%97%b9%f0%9d%97%ae\/","title":{"rendered":"\ud835\udde3\ud835\uddf2\ud835\uddf9\ud835\uddf6\ud835\uddf9\ud835\uddf2\ud835\uddfc \ud835\ude02\ud835\uddfb\ud835\uddf6\ud835\uddf1\ud835\uddfc \ud835\uddf2\ud835\uddfb \ud835\uddf9\ud835\uddee \ud835\uddf2\ud835\uddfa\ud835\uddf2\ud835\uddff\ud835\uddf4\ud835\uddf2\ud835\uddfb\ud835\uddf0\ud835\uddf6\ud835\uddee \ud835\uddf3\ud835\uddfc\ud835\uddff\ud835\uddf2\ud835\ude00\ud835\ude01\ud835\uddee\ud835\uddf9"},"content":{"rendered":"\n<p>Poniendo en riesgo a\u00fan sus propias vidas, socorristas del Cuerpo de Bomberos trabajan incansablemente para sofocar las llamas del \ud835\uddf6\ud835\uddfb\ud835\uddf0\ud835\uddf2\ud835\uddfb\ud835\uddf1\ud835\uddf6\ud835\uddfc \ud835\uddf3\ud835\uddfc\ud835\uddff\ud835\uddf2\ud835\ude00\ud835\ude01\ud835\uddee\ud835\uddf9 que abarca varios sectores de la parroquia <a href=\"https:\/\/www.facebook.com\/hashtag\/cotal%C3%B3?__eep__=6&amp;__cft__[0]=AZWHZPYRVnB9IkbAQ2eVRnEE4FftPAfXn8UPBbdZKHmM9iq1Ysa_dK6CTbO2a6mFKH3RyCf34CFOVMDTZb6GYhD1BtcFKep8nae5u8hvzvegB3yj-KAT3RwhcW4cxkFz9xCfkhTGsmQQN2kl8Z_JLKZm8CMRJSxXsi3zaaDArxSxJ4VjAGPdQaqGdt6YJDVTIeg&amp;__tn__=*NK-R\">#Cotal\u00f3<\/a> de nuestro cant\u00f3n, sin mediar las condiciones clim\u00e1ticas ni topogr\u00e1ficas del sitio.<\/p>\n\n\n\n<p>El Alcalde Gabriel Z\u00fa\u00f1iga junto a su equipo t\u00e9cnico, coordina personalmente las acciones que se <a><\/a>emprende en territorio, por ello, agradeci\u00f3 la \ud835\ude00\ud835\uddfc\ud835\uddf9\ud835\uddf6\ud835\uddf1\ud835\uddee\ud835\uddff\ud835\uddf6\ud835\uddf1\ud835\uddee\ud835\uddf1 \ud835\uddf1\ud835\uddf2 \ud835\uddf9\ud835\uddfc\ud835\ude00 \ud835\uddfd\ud835\uddf2\ud835\uddf9\ud835\uddf6\ud835\uddf9\ud835\uddf2\u00f1\ud835\uddfc\ud835\ude00 que se sumaron al trabajo, tanto en la movilizaci\u00f3n del agua como mediante el aporte de vituallas para los socorristas. El COE cantonal se mantiene en sesi\u00f3n permanente mientras dura la emergencia.<\/p>\n","protected":false},"excerpt":{"rendered":"<p>Poniendo en riesgo a\u00fan sus propias vidas, socorristas del Cuerpo&hellip; <\/p>\n","protected":false},"author":1,"featured_media":2810,"comment_status":"closed","ping_status":"closed","sticky":false,"template":"","format":"standard","meta":{"footnotes":""},"categories":[9],"tags":[],"class_list":["post-2809","post","type-post","status-publish","format-standard","has-post-thumbnail","hentry","category-slider"],"_links":{"self":[{"href":"https:\/\/pelileo.gob.ec\/v3\/wp-json\/wp\/v2\/posts\/2809","targetHints":{"allow":["GET"]}}],"collection":[{"href":"https:\/\/pelileo.gob.ec\/v3\/wp-json\/wp\/v2\/posts"}],"about":[{"href":"https:\/\/pelileo.gob.ec\/v3\/wp-json\/wp\/v2\/types\/post"}],"author":[{"embeddable":true,"href":"https:\/\/pelileo.gob.ec\/v3\/wp-json\/wp\/v2\/users\/1"}],"replies":[{"embeddable":true,"href":"https:\/\/pelileo.gob.ec\/v3\/wp-json\/wp\/v2\/comments?post=2809"}],"version-history":[{"count":1,"href":"https:\/\/pelileo.gob.ec\/v3\/wp-json\/wp\/v2\/posts\/2809\/revisions"}],"predecessor-version":[{"id":2811,"href":"https:\/\/pelileo.gob.ec\/v3\/wp-json\/wp\/v2\/posts\/2809\/revisions\/2811"}],"wp:featuredmedia":[{"embeddable":true,"href":"https:\/\/pelileo.gob.ec\/v3\/wp-json\/wp\/v2\/media\/2810"}],"wp:attachment":[{"href":"https:\/\/pelileo.gob.ec\/v3\/wp-json\/wp\/v2\/media?parent=2809"}],"wp:term":[{"taxonomy":"category","embeddable":true,"href":"https:\/\/pelileo.gob.ec\/v3\/wp-json\/wp\/v2\/categories?post=2809"},{"taxonomy":"post_tag","embeddable":true,"href":"https:\/\/pelileo.gob.ec\/v3\/wp-json\/wp\/v2\/tags?post=2809"}],"curies":[{"name":"wp","href":"https:\/\/api.w.org\/{rel}","templated":true}]}}