{"id":2812,"date":"2023-10-16T08:46:35","date_gmt":"2023-10-16T13:46:35","guid":{"rendered":"https:\/\/pelileo.gob.ec\/portal\/?p=2812"},"modified":"2023-10-16T08:46:35","modified_gmt":"2023-10-16T13:46:35","slug":"%f0%9d%97%a1%f0%9d%98%82%f0%9d%97%b2%f0%9d%98%83%f0%9d%97%bc-%f0%9d%97%b6%f0%9d%97%bb%f0%9d%97%b0%f0%9d%97%b2%f0%9d%97%bb%f0%9d%97%b1%f0%9d%97%b6%f0%9d%97%bc-%f0%9d%98%80%f0%9d%97%b2-%f0%9d%97%b1","status":"publish","type":"post","link":"https:\/\/pelileo.gob.ec\/v3\/%f0%9d%97%a1%f0%9d%98%82%f0%9d%97%b2%f0%9d%98%83%f0%9d%97%bc-%f0%9d%97%b6%f0%9d%97%bb%f0%9d%97%b0%f0%9d%97%b2%f0%9d%97%bb%f0%9d%97%b1%f0%9d%97%b6%f0%9d%97%bc-%f0%9d%98%80%f0%9d%97%b2-%f0%9d%97%b1\/","title":{"rendered":"\ud835\udde1\ud835\ude02\ud835\uddf2\ud835\ude03\ud835\uddfc \ud835\uddf6\ud835\uddfb\ud835\uddf0\ud835\uddf2\ud835\uddfb\ud835\uddf1\ud835\uddf6\ud835\uddfc \ud835\ude00\ud835\uddf2 \ud835\uddf1\ud835\uddf2\ud835\ude00\ud835\uddee\ud835\ude01\u00f3 \ud835\uddf2\ud835\uddfb \ud835\udddf\ud835\uddee \ud835\udde3\ud835\uddee\ud835\ude07"},"content":{"rendered":"\n<p>Un per\u00edmetro considerable de bosque y vegetaci\u00f3n se vieron afectados en el incendio forestal ocurrido esta tarde en el \ud835\ude00\ud835\uddf2\ud835\uddf0\ud835\ude01\ud835\uddfc\ud835\uddff \ud835\uddf1\ud835\uddf2 \ud835\udddf\ud835\uddee \ud835\udde3\ud835\uddee\ud835\ude07, a la altura del Mirador de La Moya. La pronta intervenci\u00f3n de los vecinos del sector y el Cuerpo de Bomberos lograron sofocar las llamas y controlar el incendio, antes que alcance a las viviendas existentes en la zona.<\/p>\n\n\n\n<p>El Alcalde Gabriel Z\u00fa\u00f1iga, agradeci\u00f3 la <a><\/a>\ud835\uddf9\ud835\uddee\ud835\uddef\ud835\uddfc\ud835\uddff \ud835\ude06 \ud835\uddf2\ud835\uddf9 \ud835\uddf0\ud835\uddfc\ud835\uddfa\ud835\uddfd\ud835\uddff\ud835\uddfc\ud835\uddfa\ud835\uddf6\ud835\ude00\ud835\uddfc \ud835\uddf1\ud835\uddf2 \ud835\uddf9\ud835\uddee \ud835\uddf0\ud835\uddf6\ud835\ude02\ud835\uddf1\ud835\uddee\ud835\uddf1\ud835\uddee\ud835\uddfb\u00ed\ud835\uddee para combatir las llamas y ser un aporte fundamental al trabajo del Cuerpo de Bomberos, por lo que ratific\u00f3 el compromiso de la municipalidad para trabajar de la mano del pueblo, por ello se activ\u00f3 el COE a fin de coordinar acciones para controlar los incendios, recalc\u00f3.<\/p>\n","protected":false},"excerpt":{"rendered":"<p>Un per\u00edmetro considerable de bosque y vegetaci\u00f3n se vieron afectados&hellip; <\/p>\n","protected":false},"author":1,"featured_media":2813,"comment_status":"closed","ping_status":"closed","sticky":false,"template":"","format":"standard","meta":{"footnotes":""},"categories":[9],"tags":[],"class_list":["post-2812","post","type-post","status-publish","format-standard","has-post-thumbnail","hentry","category-slider"],"_links":{"self":[{"href":"https:\/\/pelileo.gob.ec\/v3\/wp-json\/wp\/v2\/posts\/2812","targetHints":{"allow":["GET"]}}],"collection":[{"href":"https:\/\/pelileo.gob.ec\/v3\/wp-json\/wp\/v2\/posts"}],"about":[{"href":"https:\/\/pelileo.gob.ec\/v3\/wp-json\/wp\/v2\/types\/post"}],"author":[{"embeddable":true,"href":"https:\/\/pelileo.gob.ec\/v3\/wp-json\/wp\/v2\/users\/1"}],"replies":[{"embeddable":true,"href":"https:\/\/pelileo.gob.ec\/v3\/wp-json\/wp\/v2\/comments?post=2812"}],"version-history":[{"count":1,"href":"https:\/\/pelileo.gob.ec\/v3\/wp-json\/wp\/v2\/posts\/2812\/revisions"}],"predecessor-version":[{"id":2814,"href":"https:\/\/pelileo.gob.ec\/v3\/wp-json\/wp\/v2\/posts\/2812\/revisions\/2814"}],"wp:featuredmedia":[{"embeddable":true,"href":"https:\/\/pelileo.gob.ec\/v3\/wp-json\/wp\/v2\/media\/2813"}],"wp:attachment":[{"href":"https:\/\/pelileo.gob.ec\/v3\/wp-json\/wp\/v2\/media?parent=2812"}],"wp:term":[{"taxonomy":"category","embeddable":true,"href":"https:\/\/pelileo.gob.ec\/v3\/wp-json\/wp\/v2\/categories?post=2812"},{"taxonomy":"post_tag","embeddable":true,"href":"https:\/\/pelileo.gob.ec\/v3\/wp-json\/wp\/v2\/tags?post=2812"}],"curies":[{"name":"wp","href":"https:\/\/api.w.org\/{rel}","templated":true}]}}