{"id":2815,"date":"2023-10-16T08:51:30","date_gmt":"2023-10-16T13:51:30","guid":{"rendered":"https:\/\/pelileo.gob.ec\/portal\/?p=2815"},"modified":"2023-10-16T08:57:44","modified_gmt":"2023-10-16T13:57:44","slug":"%f0%9d%97%94%f0%9d%97%b0%f0%9d%97%b0%f0%9d%97%b6%f0%9d%97%bc%f0%9d%97%bb%f0%9d%97%b2%f0%9d%98%80-%f0%9d%97%b0%f0%9d%97%bc%f0%9d%97%bb%f0%9d%97%b7%f0%9d%98%82%f0%9d%97%bb%f0%9d%98%81%f0%9d%97%ae","status":"publish","type":"post","link":"https:\/\/pelileo.gob.ec\/v3\/%f0%9d%97%94%f0%9d%97%b0%f0%9d%97%b0%f0%9d%97%b6%f0%9d%97%bc%f0%9d%97%bb%f0%9d%97%b2%f0%9d%98%80-%f0%9d%97%b0%f0%9d%97%bc%f0%9d%97%bb%f0%9d%97%b7%f0%9d%98%82%f0%9d%97%bb%f0%9d%98%81%f0%9d%97%ae\/","title":{"rendered":"\ud835\uddd4\ud835\uddf0\ud835\uddf0\ud835\uddf6\ud835\uddfc\ud835\uddfb\ud835\uddf2\ud835\ude00 \ud835\uddf0\ud835\uddfc\ud835\uddfb\ud835\uddf7\ud835\ude02\ud835\uddfb\ud835\ude01\ud835\uddee\ud835\ude00 \ud835\uddfd\ud835\uddee\ud835\uddff\ud835\uddee \ud835\uddf3\ud835\uddfc\ud835\uddff\ud835\ude01\ud835\uddee\ud835\uddf9\ud835\uddf2\ud835\uddf0\ud835\uddf2\ud835\uddff \ud835\uddf9\ud835\uddee \ud835\ude00\ud835\uddf2\ud835\uddf4\ud835\ude02\ud835\uddff\ud835\uddf6\ud835\uddf1\ud835\uddee\ud835\uddf1"},"content":{"rendered":"\n<p>Con el objetivo de prevenir los actos delictivos en el sector rural; en la parroquia <a href=\"https:\/\/www.facebook.com\/hashtag\/chiquicha?__eep__=6&amp;__cft__[0]=AZXX6tlLX08VzBwrvNobp0qnuD2T36snUYUAQduhHsHu48UjrOmg-9PVAIBIu4KeeRW2B_BwtbQ7Pe0Xa7sGdArZGPQrw14RsxcdqO9sH011cqoxRLCh8y5GUg8v1T40YBKSZP26qjDrSqhfWdV_HwSf4TDigDFHMwfwL2B3o3x5C9oPTpjHDUxXQD6Z3aWFH2U&amp;__tn__=*NK-R\">#Chiquicha<\/a> se inaugur\u00f3 el Proyecto de radios comunitarias denominado \u201c\ud835\udde8\ud835\uddfb\ud835\uddf6\ud835\uddf1\ud835\uddfc\ud835\ude00 \ud835\uddfd\ud835\uddfc\ud835\uddff \ud835\uddf9\ud835\uddee \ud835\udde6\ud835\uddf2\ud835\uddf4\ud835\ude02\ud835\uddff\ud835\uddf6\ud835\uddf1\ud835\uddee\ud835\uddf1 \ud835\uddf1\ud835\uddf2\ud835\uddf9 \ud835\uddf0\ud835\uddee\ud835\uddfb\ud835\ude01\u00f3\ud835\uddfb \ud835\udde3\ud835\uddf2\ud835\uddf9\ud835\uddf6\ud835\uddf9\ud835\uddf2\ud835\uddfc\u201d, proyecto en el que participan conductores de la Cooperativa de camionetas \ud835\udddf\ud835\uddee \ud835\udddc\ud835\uddfb\ud835\uddfa\ud835\uddee\ud835\uddf0\ud835\ude02\ud835\uddf9\ud835\uddee\ud835\uddf1\ud835\uddee y la Polic\u00eda Nacional.<\/p>\n\n\n\n<p>El alcalde Gabriel <a><\/a>Z\u00fa\u00f1iga, destac\u00f3 la participaci\u00f3n activa de la ciudadan\u00eda en la prevenci\u00f3n de acciones delictivas, ya que mediante el sistema de radio comunicaci\u00f3n satelital podr\u00e1n alertar cualquier sospecha a la Polic\u00eda para la atenci\u00f3n inmediata.<\/p>\n","protected":false},"excerpt":{"rendered":"<p>Con el objetivo de prevenir los actos delictivos en el&hellip; <\/p>\n","protected":false},"author":1,"featured_media":2817,"comment_status":"closed","ping_status":"closed","sticky":false,"template":"","format":"standard","meta":{"footnotes":""},"categories":[9],"tags":[],"class_list":["post-2815","post","type-post","status-publish","format-standard","has-post-thumbnail","hentry","category-slider"],"_links":{"self":[{"href":"https:\/\/pelileo.gob.ec\/v3\/wp-json\/wp\/v2\/posts\/2815","targetHints":{"allow":["GET"]}}],"collection":[{"href":"https:\/\/pelileo.gob.ec\/v3\/wp-json\/wp\/v2\/posts"}],"about":[{"href":"https:\/\/pelileo.gob.ec\/v3\/wp-json\/wp\/v2\/types\/post"}],"author":[{"embeddable":true,"href":"https:\/\/pelileo.gob.ec\/v3\/wp-json\/wp\/v2\/users\/1"}],"replies":[{"embeddable":true,"href":"https:\/\/pelileo.gob.ec\/v3\/wp-json\/wp\/v2\/comments?post=2815"}],"version-history":[{"count":1,"href":"https:\/\/pelileo.gob.ec\/v3\/wp-json\/wp\/v2\/posts\/2815\/revisions"}],"predecessor-version":[{"id":2816,"href":"https:\/\/pelileo.gob.ec\/v3\/wp-json\/wp\/v2\/posts\/2815\/revisions\/2816"}],"wp:featuredmedia":[{"embeddable":true,"href":"https:\/\/pelileo.gob.ec\/v3\/wp-json\/wp\/v2\/media\/2817"}],"wp:attachment":[{"href":"https:\/\/pelileo.gob.ec\/v3\/wp-json\/wp\/v2\/media?parent=2815"}],"wp:term":[{"taxonomy":"category","embeddable":true,"href":"https:\/\/pelileo.gob.ec\/v3\/wp-json\/wp\/v2\/categories?post=2815"},{"taxonomy":"post_tag","embeddable":true,"href":"https:\/\/pelileo.gob.ec\/v3\/wp-json\/wp\/v2\/tags?post=2815"}],"curies":[{"name":"wp","href":"https:\/\/api.w.org\/{rel}","templated":true}]}}