{"id":2825,"date":"2023-10-23T11:49:48","date_gmt":"2023-10-23T16:49:48","guid":{"rendered":"https:\/\/pelileo.gob.ec\/portal\/?p=2825"},"modified":"2023-10-23T11:49:48","modified_gmt":"2023-10-23T16:49:48","slug":"%f0%9d%97%98%f0%9d%98%80%f0%9d%98%81%f0%9d%97%b2%f0%9d%97%bf%f0%9d%97%b6%f0%9d%97%b9%f0%9d%97%b6%f0%9d%98%87%f0%9d%97%ae%f0%9d%97%b0%f0%9d%97%b6o%f0%9d%97%bb-%f0%9d%97%b1%f0%9d%97%b2-%f0%9d%97%ba","status":"publish","type":"post","link":"https:\/\/pelileo.gob.ec\/v3\/%f0%9d%97%98%f0%9d%98%80%f0%9d%98%81%f0%9d%97%b2%f0%9d%97%bf%f0%9d%97%b6%f0%9d%97%b9%f0%9d%97%b6%f0%9d%98%87%f0%9d%97%ae%f0%9d%97%b0%f0%9d%97%b6o%f0%9d%97%bb-%f0%9d%97%b1%f0%9d%97%b2-%f0%9d%97%ba\/","title":{"rendered":"\ud835\uddd8\ud835\ude00\ud835\ude01\ud835\uddf2\ud835\uddff\ud835\uddf6\ud835\uddf9\ud835\uddf6\ud835\ude07\ud835\uddee\ud835\uddf0\ud835\uddf6\u00f3\ud835\uddfb \ud835\uddf1\ud835\uddf2 \ud835\uddfa\ud835\uddee\ud835\ude00\ud835\uddf0\ud835\uddfc\ud835\ude01\ud835\uddee\ud835\ude00 \ud835\uddf9\ud835\uddf9\ud835\uddf2\ud835\uddf4\u00f3 \ud835\uddee \ud835\uddd6\ud835\uddf5\ud835\uddee\ud835\uddfa\ud835\uddef\ud835\uddf6\ud835\uddee\ud835\ude01\ud835\uddfc"},"content":{"rendered":"\n<p>La municipalidad del cant\u00f3n San Pedro de Pelileo, a trav\u00e9s del \ud835\udde3\ud835\uddff\ud835\uddfc\ud835\ude06\ud835\uddf2\ud835\uddf0\ud835\ude01\ud835\uddfc \ud835\uddf1\ud835\uddf2 \ud835\uddd9\ud835\uddee\ud835\ude02\ud835\uddfb\ud835\uddee \ud835\udde8\ud835\uddff\ud835\uddef\ud835\uddee\ud835\uddfb\ud835\uddee de la Direcci\u00f3n de Servicios P\u00fabicos y Desarrollo de la Comunidad, contin\u00faa con la Campa\u00f1a de esterilizaci\u00f3n de mascotas, con el fin de controlar la sobrepoblaci\u00f3n de perros y gatos callejeros.<\/p>\n\n\n\n<p>Esta vez el personal veterinario de la municipalidad brind\u00f3 atenci\u00f3n en el <a><\/a>\ud835\uddf0\ud835\uddee\ud835\ude00\ud835\uddf2\ud835\uddff\u00ed\ud835\uddfc \ud835\uddd6\ud835\uddf5\ud835\uddee\ud835\uddfa\ud835\uddef\ud835\uddf6\ud835\uddee\ud835\ude01\ud835\uddfc de la parroquia Garc\u00eda Moreno, donde sus habitantes agradecieron a la administraci\u00f3n municipal que lidera el \ud835\uddee\ud835\uddf9\ud835\uddf0\ud835\uddee\ud835\uddf9\ud835\uddf1\ud835\uddf2 \ud835\uddda\ud835\uddee\ud835\uddef\ud835\uddff\ud835\uddf6\ud835\uddf2\ud835\uddf9 \ud835\udded\u00fa\u00f1\ud835\uddf6\ud835\uddf4\ud835\uddee por preocuparse no solamente en mejorar las condiciones de vida de las personas, sino tambi\u00e9n de los animales.<\/p>\n","protected":false},"excerpt":{"rendered":"<p>La municipalidad del cant\u00f3n San Pedro de Pelileo, a trav\u00e9s&hellip; <\/p>\n","protected":false},"author":1,"featured_media":2826,"comment_status":"closed","ping_status":"closed","sticky":false,"template":"","format":"standard","meta":{"footnotes":""},"categories":[9],"tags":[],"class_list":["post-2825","post","type-post","status-publish","format-standard","has-post-thumbnail","hentry","category-slider"],"_links":{"self":[{"href":"https:\/\/pelileo.gob.ec\/v3\/wp-json\/wp\/v2\/posts\/2825","targetHints":{"allow":["GET"]}}],"collection":[{"href":"https:\/\/pelileo.gob.ec\/v3\/wp-json\/wp\/v2\/posts"}],"about":[{"href":"https:\/\/pelileo.gob.ec\/v3\/wp-json\/wp\/v2\/types\/post"}],"author":[{"embeddable":true,"href":"https:\/\/pelileo.gob.ec\/v3\/wp-json\/wp\/v2\/users\/1"}],"replies":[{"embeddable":true,"href":"https:\/\/pelileo.gob.ec\/v3\/wp-json\/wp\/v2\/comments?post=2825"}],"version-history":[{"count":1,"href":"https:\/\/pelileo.gob.ec\/v3\/wp-json\/wp\/v2\/posts\/2825\/revisions"}],"predecessor-version":[{"id":2827,"href":"https:\/\/pelileo.gob.ec\/v3\/wp-json\/wp\/v2\/posts\/2825\/revisions\/2827"}],"wp:featuredmedia":[{"embeddable":true,"href":"https:\/\/pelileo.gob.ec\/v3\/wp-json\/wp\/v2\/media\/2826"}],"wp:attachment":[{"href":"https:\/\/pelileo.gob.ec\/v3\/wp-json\/wp\/v2\/media?parent=2825"}],"wp:term":[{"taxonomy":"category","embeddable":true,"href":"https:\/\/pelileo.gob.ec\/v3\/wp-json\/wp\/v2\/categories?post=2825"},{"taxonomy":"post_tag","embeddable":true,"href":"https:\/\/pelileo.gob.ec\/v3\/wp-json\/wp\/v2\/tags?post=2825"}],"curies":[{"name":"wp","href":"https:\/\/api.w.org\/{rel}","templated":true}]}}