{"id":2828,"date":"2023-10-23T11:52:03","date_gmt":"2023-10-23T16:52:03","guid":{"rendered":"https:\/\/pelileo.gob.ec\/portal\/?p=2828"},"modified":"2023-10-23T11:52:03","modified_gmt":"2023-10-23T16:52:03","slug":"%f0%9d%97%94%f0%9d%97%b9%f0%9d%97%b0%f0%9d%97%ae%f0%9d%97%b9%f0%9d%97%b1%f0%9d%97%b2-%f0%9d%97%bd%f0%9d%97%ae%f0%9d%97%bf%f0%9d%98%81%f0%9d%97%b6%f0%9d%97%b0%f0%9d%97%b6%f0%9d%97%bdo-%f0%9d%97%b2","status":"publish","type":"post","link":"https:\/\/pelileo.gob.ec\/v3\/%f0%9d%97%94%f0%9d%97%b9%f0%9d%97%b0%f0%9d%97%ae%f0%9d%97%b9%f0%9d%97%b1%f0%9d%97%b2-%f0%9d%97%bd%f0%9d%97%ae%f0%9d%97%bf%f0%9d%98%81%f0%9d%97%b6%f0%9d%97%b0%f0%9d%97%b6%f0%9d%97%bdo-%f0%9d%97%b2\/","title":{"rendered":"\ud835\uddd4\ud835\uddf9\ud835\uddf0\ud835\uddee\ud835\uddf9\ud835\uddf1\ud835\uddf2 \ud835\uddfd\ud835\uddee\ud835\uddff\ud835\ude01\ud835\uddf6\ud835\uddf0\ud835\uddf6\ud835\uddfd\u00f3 \ud835\uddf2\ud835\uddfb \ud835\uddff\ud835\uddf2\ud835\uddf0\ud835\uddfc\ud835\uddff\ud835\uddff\ud835\uddf6\ud835\uddf1\ud835\uddfc \ud835\uddf1\ud835\uddf2\ud835\uddf9 \ud835\udde0\ud835\uddf6\ud835\uddfb\ud835\uddf6\ud835\ude00\ud835\ude01\ud835\uddff\ud835\uddfc \ud835\uddf1\ud835\uddf2 \ud835\udde7\ud835\uddff\ud835\uddee\ud835\uddfb\ud835\ude00\ud835\uddfd\ud835\uddfc\ud835\uddff\ud835\ude01\ud835\uddf2"},"content":{"rendered":"\n<p>Con motivo de la visita del Ministro de Transporte y Obras P\u00fablicas C\u00e9sar Roh\u00f3n a nuestra provincia, el alcalde Gabriel Z\u00fa\u00f1iga acompa\u00f1\u00f3 a la autoridad nacional durante el recorrido por diferentes sectores de Tungurahua, donde se proyectan importantes soluciones viales.<\/p>\n\n\n\n<p>La visita comprendi\u00f3 tambi\u00e9n <a href=\"https:\/\/www.facebook.com\/hashtag\/pelileo?__eep__=6&amp;__cft__[0]=AZV_S1M7MoQuqP6UJlSVngJcsudFLfd6tGZgnUB6wvw1nqO224aGVUZ-quqwpuklEo9jOl3UAAH53ztPUgETsqo-tj0WQqY_4sOYbbNKHlOKRrgkK10Y7YGmXHgzitb-GjDOW_jIPwikwqdn-ODUZPNFn16GGk3NTJ4K7VKNmhV12RTGfPeVhR5S64VqWU-BdYc&amp;__tn__=*NK-R\">#Pelileo<\/a>, donde nuestro alcalde record\u00f3 al Ministro la necesidad de <a><\/a>ejecutar la \ud835\uddee\ud835\uddfa\ud835\uddfd\ud835\uddf9\ud835\uddf6\ud835\uddee\ud835\uddf0\ud835\uddf6\u00f3\ud835\uddfb \ud835\uddf1\ud835\uddf2 \ud835\uddf9\ud835\uddee \ud835\ude03\u00ed\ud835\uddee \ud835\udde3\ud835\uddf2\ud835\uddf9\ud835\uddf6\ud835\uddf9\ud835\uddf2\ud835\uddfc \u2013 \ud835\uddd5\ud835\uddee\u00f1\ud835\uddfc\ud835\ude00 que constituye el ingreso a la amazon\u00eda del Ecuador, ya que cuenta adem\u00e1s con estudios de factibilidad, ingenier\u00eda e impacto ambiental.<\/p>\n","protected":false},"excerpt":{"rendered":"<p>Con motivo de la visita del Ministro de Transporte y&hellip; <\/p>\n","protected":false},"author":1,"featured_media":2829,"comment_status":"closed","ping_status":"closed","sticky":false,"template":"","format":"standard","meta":{"footnotes":""},"categories":[9],"tags":[],"class_list":["post-2828","post","type-post","status-publish","format-standard","has-post-thumbnail","hentry","category-slider"],"_links":{"self":[{"href":"https:\/\/pelileo.gob.ec\/v3\/wp-json\/wp\/v2\/posts\/2828","targetHints":{"allow":["GET"]}}],"collection":[{"href":"https:\/\/pelileo.gob.ec\/v3\/wp-json\/wp\/v2\/posts"}],"about":[{"href":"https:\/\/pelileo.gob.ec\/v3\/wp-json\/wp\/v2\/types\/post"}],"author":[{"embeddable":true,"href":"https:\/\/pelileo.gob.ec\/v3\/wp-json\/wp\/v2\/users\/1"}],"replies":[{"embeddable":true,"href":"https:\/\/pelileo.gob.ec\/v3\/wp-json\/wp\/v2\/comments?post=2828"}],"version-history":[{"count":1,"href":"https:\/\/pelileo.gob.ec\/v3\/wp-json\/wp\/v2\/posts\/2828\/revisions"}],"predecessor-version":[{"id":2830,"href":"https:\/\/pelileo.gob.ec\/v3\/wp-json\/wp\/v2\/posts\/2828\/revisions\/2830"}],"wp:featuredmedia":[{"embeddable":true,"href":"https:\/\/pelileo.gob.ec\/v3\/wp-json\/wp\/v2\/media\/2829"}],"wp:attachment":[{"href":"https:\/\/pelileo.gob.ec\/v3\/wp-json\/wp\/v2\/media?parent=2828"}],"wp:term":[{"taxonomy":"category","embeddable":true,"href":"https:\/\/pelileo.gob.ec\/v3\/wp-json\/wp\/v2\/categories?post=2828"},{"taxonomy":"post_tag","embeddable":true,"href":"https:\/\/pelileo.gob.ec\/v3\/wp-json\/wp\/v2\/tags?post=2828"}],"curies":[{"name":"wp","href":"https:\/\/api.w.org\/{rel}","templated":true}]}}