{"id":2834,"date":"2023-10-23T11:56:10","date_gmt":"2023-10-23T16:56:10","guid":{"rendered":"https:\/\/pelileo.gob.ec\/portal\/?p=2834"},"modified":"2023-10-23T11:56:10","modified_gmt":"2023-10-23T16:56:10","slug":"%f0%9d%97%96%f0%9d%97%bc%f0%9d%97%bb%f0%9d%98%80%f0%9d%97%b2%f0%9d%97%b7%f0%9d%97%bc-%f0%9d%97%b1%f0%9d%97%b2-%f0%9d%97%a3%f0%9d%97%b9%f0%9d%97%ae%f0%9d%97%bb%f0%9d%97%b6%f0%9d%97%b3%f0%9d%97%b6","status":"publish","type":"post","link":"https:\/\/pelileo.gob.ec\/v3\/%f0%9d%97%96%f0%9d%97%bc%f0%9d%97%bb%f0%9d%98%80%f0%9d%97%b2%f0%9d%97%b7%f0%9d%97%bc-%f0%9d%97%b1%f0%9d%97%b2-%f0%9d%97%a3%f0%9d%97%b9%f0%9d%97%ae%f0%9d%97%bb%f0%9d%97%b6%f0%9d%97%b3%f0%9d%97%b6\/","title":{"rendered":"\ud835\uddd6\ud835\uddfc\ud835\uddfb\ud835\ude00\ud835\uddf2\ud835\uddf7\ud835\uddfc \ud835\uddf1\ud835\uddf2 \ud835\udde3\ud835\uddf9\ud835\uddee\ud835\uddfb\ud835\uddf6\ud835\uddf3\ud835\uddf6\ud835\uddf0\ud835\uddee\ud835\uddf0\ud835\uddf6\u00f3\ud835\uddfb \ud835\uddee\ud835\uddfb\ud835\uddee\ud835\uddf9\ud835\uddf6\ud835\ude07\u00f3 \ud835\udde3\ud835\uddff\ud835\uddf2\ud835\ude00\ud835\ude02\ud835\uddfd\ud835\ude02\ud835\uddf2\ud835\ude00\ud835\ude01\ud835\uddfc 2024"},"content":{"rendered":"\n<p>Una vez que las autoridades, dirigentes y ciudadanos de la zona urbana y rural de Pelileo, priorizaron sus necesidades mediante el Presupuesto Participativo correspondiente al ejercicio fiscal 2024, el \ud835\uddd6\ud835\uddfc\ud835\uddfb\ud835\ude00\ud835\uddf2\ud835\uddf7\ud835\uddfc \ud835\uddd6\ud835\uddee\ud835\uddfb\ud835\ude01\ud835\uddfc\ud835\uddfb\ud835\uddee\ud835\uddf9 \ud835\uddf1\ud835\uddf2 \ud835\udde3\ud835\uddf9\ud835\uddee\ud835\uddfb\ud835\uddf6\ud835\uddf3\ud835\uddf6\ud835\uddf0\ud835\uddee\ud835\uddf0\ud835\uddf6\u00f3\ud835\uddfb conoci\u00f3 y analiz\u00f3 este presupuesto a fin de enviarlo al Pleno del Concejo Municipal para su an\u00e1lisis y aprobaci\u00f3n en <a><\/a>Primer debate.<\/p>\n\n\n\n<p>El Concejo Municipal a su vez, derivar\u00e1 la documentaci\u00f3n a la Comisi\u00f3n de Planificaci\u00f3n y Presupuesto para un nuevo an\u00e1lisis, quienes a su vez emitir\u00e1n un informe al Pleno del Concejo Municipal, previo a la aprobaci\u00f3n en Segundo y definitivo debate para su ejecuci\u00f3n.<\/p>\n","protected":false},"excerpt":{"rendered":"<p>Una vez que las autoridades, dirigentes y ciudadanos de la&hellip; <\/p>\n","protected":false},"author":1,"featured_media":2836,"comment_status":"closed","ping_status":"closed","sticky":false,"template":"","format":"standard","meta":{"footnotes":""},"categories":[9],"tags":[],"class_list":["post-2834","post","type-post","status-publish","format-standard","has-post-thumbnail","hentry","category-slider"],"_links":{"self":[{"href":"https:\/\/pelileo.gob.ec\/v3\/wp-json\/wp\/v2\/posts\/2834","targetHints":{"allow":["GET"]}}],"collection":[{"href":"https:\/\/pelileo.gob.ec\/v3\/wp-json\/wp\/v2\/posts"}],"about":[{"href":"https:\/\/pelileo.gob.ec\/v3\/wp-json\/wp\/v2\/types\/post"}],"author":[{"embeddable":true,"href":"https:\/\/pelileo.gob.ec\/v3\/wp-json\/wp\/v2\/users\/1"}],"replies":[{"embeddable":true,"href":"https:\/\/pelileo.gob.ec\/v3\/wp-json\/wp\/v2\/comments?post=2834"}],"version-history":[{"count":1,"href":"https:\/\/pelileo.gob.ec\/v3\/wp-json\/wp\/v2\/posts\/2834\/revisions"}],"predecessor-version":[{"id":2837,"href":"https:\/\/pelileo.gob.ec\/v3\/wp-json\/wp\/v2\/posts\/2834\/revisions\/2837"}],"wp:featuredmedia":[{"embeddable":true,"href":"https:\/\/pelileo.gob.ec\/v3\/wp-json\/wp\/v2\/media\/2836"}],"wp:attachment":[{"href":"https:\/\/pelileo.gob.ec\/v3\/wp-json\/wp\/v2\/media?parent=2834"}],"wp:term":[{"taxonomy":"category","embeddable":true,"href":"https:\/\/pelileo.gob.ec\/v3\/wp-json\/wp\/v2\/categories?post=2834"},{"taxonomy":"post_tag","embeddable":true,"href":"https:\/\/pelileo.gob.ec\/v3\/wp-json\/wp\/v2\/tags?post=2834"}],"curies":[{"name":"wp","href":"https:\/\/api.w.org\/{rel}","templated":true}]}}