{"id":2849,"date":"2023-11-07T08:30:48","date_gmt":"2023-11-07T13:30:48","guid":{"rendered":"https:\/\/pelileo.gob.ec\/portal\/?p=2849"},"modified":"2023-11-07T08:30:48","modified_gmt":"2023-11-07T13:30:48","slug":"fortaleciendo-la-cultura-ancestral","status":"publish","type":"post","link":"https:\/\/pelileo.gob.ec\/v3\/fortaleciendo-la-cultura-ancestral\/","title":{"rendered":"Fortaleciendo la cultura ancestral"},"content":{"rendered":"\n<p>Fieles a los saberes ancestrales que heredaron de sus antepasados, los hermanos del pueblo Kichwa <a href=\"https:\/\/www.facebook.com\/hashtag\/salasaka?__eep__=6&amp;__cft__[0]=AZXBxWnG-1CR9vIBCUBw8hqTThQfwBPkyecDrX6mKqpC5PI5x17PGCuRdCvsFDjmleaf_08zij3sEjRgfMCCiq3uJqQlgJZtyAQ3BrOhV_PFPCUc820rD4U1YpdqydjeADU8RKecrQbiBT5CYGUeyhxb5miC8nczr74t4y7PSiDcgCFkU79EJ4BZ7sBaznJMndg&amp;__tn__=*NK-R\">#Salasaka<\/a> rindieron homenaje a sus difuntos, compartiendo alimentos y bebidas tradicionales al pie de las tumbas de sus seres queridos.<\/p>\n\n\n\n<p>\u201cEsta es la riqueza cultural que perdura y se fortalece en nuestro cant\u00f3n\u201d, mencion\u00f3 el alcalde Gabriel Z\u00fa\u00f1iga, al ratificar el compromiso de la municipalidad para articular acciones que permitan mantener <a><\/a>intacto este legado cultural en <a href=\"https:\/\/www.facebook.com\/hashtag\/pelileo?__eep__=6&amp;__cft__[0]=AZXBxWnG-1CR9vIBCUBw8hqTThQfwBPkyecDrX6mKqpC5PI5x17PGCuRdCvsFDjmleaf_08zij3sEjRgfMCCiq3uJqQlgJZtyAQ3BrOhV_PFPCUc820rD4U1YpdqydjeADU8RKecrQbiBT5CYGUeyhxb5miC8nczr74t4y7PSiDcgCFkU79EJ4BZ7sBaznJMndg&amp;__tn__=*NK-R\">#Pelileo<\/a>.<\/p>\n","protected":false},"excerpt":{"rendered":"<p>Fieles a los saberes ancestrales que heredaron de sus antepasados,&hellip; <\/p>\n","protected":false},"author":1,"featured_media":2850,"comment_status":"closed","ping_status":"closed","sticky":false,"template":"","format":"standard","meta":{"footnotes":""},"categories":[9],"tags":[],"class_list":["post-2849","post","type-post","status-publish","format-standard","has-post-thumbnail","hentry","category-slider"],"_links":{"self":[{"href":"https:\/\/pelileo.gob.ec\/v3\/wp-json\/wp\/v2\/posts\/2849","targetHints":{"allow":["GET"]}}],"collection":[{"href":"https:\/\/pelileo.gob.ec\/v3\/wp-json\/wp\/v2\/posts"}],"about":[{"href":"https:\/\/pelileo.gob.ec\/v3\/wp-json\/wp\/v2\/types\/post"}],"author":[{"embeddable":true,"href":"https:\/\/pelileo.gob.ec\/v3\/wp-json\/wp\/v2\/users\/1"}],"replies":[{"embeddable":true,"href":"https:\/\/pelileo.gob.ec\/v3\/wp-json\/wp\/v2\/comments?post=2849"}],"version-history":[{"count":1,"href":"https:\/\/pelileo.gob.ec\/v3\/wp-json\/wp\/v2\/posts\/2849\/revisions"}],"predecessor-version":[{"id":2851,"href":"https:\/\/pelileo.gob.ec\/v3\/wp-json\/wp\/v2\/posts\/2849\/revisions\/2851"}],"wp:featuredmedia":[{"embeddable":true,"href":"https:\/\/pelileo.gob.ec\/v3\/wp-json\/wp\/v2\/media\/2850"}],"wp:attachment":[{"href":"https:\/\/pelileo.gob.ec\/v3\/wp-json\/wp\/v2\/media?parent=2849"}],"wp:term":[{"taxonomy":"category","embeddable":true,"href":"https:\/\/pelileo.gob.ec\/v3\/wp-json\/wp\/v2\/categories?post=2849"},{"taxonomy":"post_tag","embeddable":true,"href":"https:\/\/pelileo.gob.ec\/v3\/wp-json\/wp\/v2\/tags?post=2849"}],"curies":[{"name":"wp","href":"https:\/\/api.w.org\/{rel}","templated":true}]}}